{"id":192112,"date":"2025-06-15T12:14:40","date_gmt":"2025-06-15T12:14:40","guid":{"rendered":"https:\/\/www.europesays.com\/de\/192112\/"},"modified":"2025-06-15T12:14:40","modified_gmt":"2025-06-15T12:14:40","slug":"herbert-groenemeyer-in-der-philharmonie-essen-so-wars","status":"publish","type":"post","link":"https:\/\/www.europesays.com\/de\/192112\/","title":{"rendered":"Herbert Gr\u00f6nemeyer in der Philharmonie Essen: So war&#8217;s"},"content":{"rendered":"<p>Vorlesen<a rel=\"nofollow noopener\" target=\"_blank\" class=\"transition-colors duration-200 cursor-pointer text-inherit no-underline text-black bg-whitelilac rounded-8 grid items-center group py-[6px] px-8 text-12 hover:bg-magenta hover:text-whitelilac gap-8 grid-cols-[min-content_34px] hover:dark:text-salemsfur\" href=\"https:\/\/news.google.com\/publications\/CAAqBwgKMOW9twsw8tjOAw\" aria-label=\"Auf Google News folgen\">News folgen<\/a><img style=\"--width:16;--height:16\" loading=\"lazy\" src=\"https:\/\/www.t-online.de\/s\/paper\/_next\/static\/media\/sharing-menu-icon.1eb71368.svg\" alt=\"Teilen Menu auf machen\" title=\"Teilen Menu auf machen\" class=\"&#10;        block&#10;        h-[calc(var(--height)_\/_16_*_1rem)]&#10;        w-[calc(var(--width)_\/_16_*_1rem)]&#10;        max-w-none&#10;        group-hover:invert group-hover:grayscale group-hover:contrast-200 dark:group-hover:invert dark:contrast-200 dark:grayscale dark:invert\" decoding=\"async\"\/>Artikel teilen<\/p>\n<p class=\"font-bold text-18 leading-17\">Am Samstag trat Herbert Gr\u00f6nemeyer in der Essener Philharmonie auf. Erst als Dirigent, dann selbst am Mikrofon. F\u00fcr die Fans gab es auch eine \u00dcberraschung.<\/p>\n<p class=\"text-18 leading-17\">Die Bochumer Symphoniker k\u00f6nnen was \u2013 Grammy-nominiertes und hochgelobtes Orchester. <a class=\"transition-colors duration-200 cursor-pointer text-inherit no-underline text-salemsfur md:hover:text-magenta md:hover:border-magenta md:focus:text-magenta border-current border-b border-solid break-words\" href=\"https:\/\/www.t-online.de\/themen\/herbert-groenemeyer\/\" data-sctrack=\"BodyAnchor\" target=\"_blank\" rel=\"noopener\">Herbert Gr\u00f6nemeyer<\/a> kann was \u2013 mehr als 15 Millionen verkaufte Alben. Die Philharmonie <a class=\"transition-colors duration-200 cursor-pointer text-inherit no-underline text-salemsfur md:hover:text-magenta md:hover:border-magenta md:focus:text-magenta border-current border-b border-solid break-words\" href=\"https:\/\/www.t-online.de\/region\/essen\/\" data-sctrack=\"BodyAnchor\" target=\"_blank\" rel=\"noopener\">in Essen<\/a> kann was \u2013 beeindruckende Akustik im Alfried-Krupp-Saal. Was soll in der Kombi schon schiefgehen? Spoiler: Eine kleine Panne gab es schon \u2013 sie tat dem Abend aber keinen Abbruch.<\/p>\n<p class=\"text-18 leading-17\">Am Samstag gab Herbert Gr\u00f6nemeyer gemeinsam mit den Bochumer Symphonikern sein Deb\u00fct in der Essener Philharmonie. Auf dem Programm standen die russischen Komponisten Pjotr Tschaikowsky und Sergej Rachmaninow, aber auch &#8222;Herbs Suite&#8220; \u2013 eine Orchestersuite aus Gr\u00f6nemeyers bekanntesten Hits mit Szenen seiner Filmmusiken.<\/p>\n<p class=\"text-18 leading-17\">Bei der Begr\u00fc\u00dfung der rund 2.000 G\u00e4ste sagt die Leiterin der Essener Philharmonie, Marie Babette Nierenz: &#8222;Manche begleitet Herbert Gr\u00f6nemeyer schon ihr Leben lang.&#8220;<\/p>\n<p class=\"text-18 leading-17\">Insgesamt gibt Gr\u00f6nemeyer drei Konzerte zwischen dem 13. und 15. Juni, zwei davon im Bochumer Musikforum, eins in der Essener Philharmonie. Alle drei Konzerte sind seit Wochen ausverkauft. Das Essener Konzert wurde parallel zum Mith\u00f6ren im angrenzenden Stadtgarten gestreamt.<\/p>\n<p><a href=\"#focus-1\" class=\"transition-colors duration-200 focus-within:text-magenta block text-current relative\" data-sctrack=\"FocusGalleryImage.Reference\"><img   loading=\"lazy\" src=\"https:\/\/www.europesays.com\/de\/wp-content\/uploads\/2025\/06\/zuhoerer-im-stadtpark.jpg\" alt=\"Zuh\u00f6rer im Stadtpark.\" title=\"Zuh\u00f6rer im Stadtpark.\" width=\"4000\" height=\"2250\" class=\"w-full h-full max-w-full rounded-8\" decoding=\"async\"\/><img style=\"--width:32;--height:32\" loading=\"lazy\" src=\"https:\/\/www.t-online.de\/s\/paper\/_next\/static\/media\/zoom-in.f7dae02f.svg\" alt=\"Vergr\u00f6\u00dfern des Bildes\" title=\"Vergr\u00f6\u00dfern des Bildes\" class=\"&#10;        block&#10;        h-[calc(var(--height)_\/_16_*_1rem)]&#10;        w-[calc(var(--width)_\/_16_*_1rem)]&#10;        max-w-none&#10;        absolute bottom-8 right-8 rounded-4 bg-snow p-8\" decoding=\"async\"\/>Gr\u00f6nemeyer-Fans versammelten sich im angrenzenden Stadtgarten: Hier wurde das Konzert \u00fcbertragen. (Quelle: Marie Illner)<\/a><\/p>\n<p class=\"text-18 leading-17\">Mit ihrer Einleitung hatte Nierenz wohl ohne Zweifel recht. Man kann Herbert Gr\u00f6nemeyer mit drei Bier intus im Vonovia-Ruhrstadion h\u00f6ren. Und wenn der VfL <a class=\"transition-colors duration-200 cursor-pointer text-inherit no-underline text-salemsfur md:hover:text-magenta md:hover:border-magenta md:focus:text-magenta border-current border-b border-solid break-words\" href=\"https:\/\/www.t-online.de\/themen\/bochum\/\" data-sctrack=\"BodyAnchor\" target=\"_blank\" rel=\"noopener\">Bochum<\/a> einl\u00e4uft, lauthals &#8222;Bochum&#8220; mitgr\u00f6len. Man kann sich bei Liebeskummer in seinem Zimmer einschlie\u00dfen und Gr\u00f6nemeyers &#8222;Flugzeuge im Bauch&#8220; h\u00f6ren. Aber kann Gr\u00f6nemeyer auch klassisches Konzert?<\/p>\n<p class=\"text-18 leading-17\">Dass er das Zeug zum Dirigenten hat, stellte er bereits 2016 in Bochum unter Beweis. Da wurde er zur Er\u00f6ffnung des Anneliese Brost Musikforums gefragt, ob er im neuen Konzertsaal singen k\u00f6nne. Doch Gr\u00f6nemeyer winkte ab, das w\u00e4re &#8222;irgendwie peinlich und komisch&#8220;. Zum Dirigieren konnte man ihn dann immerhin \u00fcberreden.<\/p>\n<p class=\"text-18 leading-17\">Gefallen daran hat er scheinbar gefunden. Nach dem Auftritt in Bochum folgte eine Zusammenarbeit mit der Pianistin Anna Vinnitskaya beim Luzerner Sinfonieorchester. Vinnitskaya war schlie\u00dflich auch diejenige, die Gr\u00f6nemeyer nun noch einmal Mikrofon gegen Taktstock tauschen lie\u00df.<\/p>\n<p class=\"text-18 leading-17\">Die kurze Antwort: Ja, er kann&#8217;s. Schon als Gr\u00f6nemeyer den Alfried-Krupp-Saal betrat, erntete er tosenden Applaus, ohne einmal den Taktstock geschwungen zu haben. In seine Rolle fand er dann ziemlich schnell: Mal wie ein Zauberer mit Zauberstab, dann wie ein DJ am Mischpult dirigierte Gr\u00f6nemeyer die Bochumer Symphoniker durch den &#8222;Slawischen Marsch&#8220;.<\/p>\n<p class=\"text-18 leading-17\">Von Beginn an war klar: Das ist kein gew\u00f6hnliches Gr\u00f6nemeyer-Konzert. Durch den geringen r\u00e4umlichen Abstand zum Musiker \u2013 nur wenige Meter \u2013 war die gesamte Atmosph\u00e4re pers\u00f6nlich, beinahe wie ein Wohnzimmer-Konzert.<\/p>\n<p class=\"text-18 leading-17\">Nach dem ersten St\u00fcck erst einmal: durchatmen. Die k\u00f6rperliche Anstrengung war nicht zu leugnen; Gr\u00f6nemeyer ist inzwischen 69 Jahre alt. Es folgte die &#8222;Herbs Suite&#8220;. Komponiert wurde die von Alfred Kritzer, Mitglied in Gr\u00f6nemeyers Band.<\/p>\n<p class=\"text-18 leading-17\">Beim ersten H\u00f6reindruck konnte die Suite ein wenig zusammengew\u00fcrfelt wirken, doch eingefleischte Gr\u00f6nemeyer-Fans erkannten die Orchesterarrangements von &#8222;Mensch&#8220;, &#8222;M\u00e4nner&#8220; und &#8222;Mein Lebensstrahlen&#8220; wieder. Gemischt wurde das mit Szenen aus den Filmen &#8222;The American&#8220; und &#8222;A Most Wanted Man&#8220;.<\/p>\n<p class=\"text-18 leading-17\">Das klang mal getragen und schwer, mal melancholisch und lieblich. Mal stand die Harfe oder Fl\u00f6te im Vordergrund, mal stach die Trompete hervor. Um 20.45 Uhr kam dann schlie\u00dflich der Moment, auf den wohl insgeheim die meisten Besucherinnen und Besucher gewartet hatten: Gr\u00f6nemeyer griff selbst zum Mikrofon.<\/p>\n<p class=\"text-18 leading-17\">Vorher war nur spekuliert worden, ob er das \u00fcberhaupt tun und welche St\u00fccke er zum Besten geben w\u00fcrde. &#8222;Mutig, dass die mich das \u00fcberhaupt noch mal machen lassen&#8220;, scherzte Gr\u00f6nemeyer \u00fcber seinen Job als Dirigent.<\/p>\n","protected":false},"excerpt":{"rendered":"VorlesenNews folgenArtikel teilen Am Samstag trat Herbert Gr\u00f6nemeyer in der Essener Philharmonie auf. Erst als Dirigent, dann selbst&hellip;\n","protected":false},"author":2,"featured_media":192113,"comment_status":"","ping_status":"","sticky":false,"template":"","format":"standard","meta":{"footnotes":""},"categories":[1834],"tags":[63505,63509,2326,7507,3364,29,3688,30,30037,51749,63504,1209,4983,63506,63507,63508,8173,51401],"class_list":{"0":"post-192112","1":"post","2":"type-post","3":"status-publish","4":"format-standard","5":"has-post-thumbnail","7":"category-essen","8":"tag-anna-vinnitskaya","9":"tag-anneliese-brost","10":"tag-bier","11":"tag-bochum","12":"tag-de","13":"tag-deutschland","14":"tag-essen","15":"tag-germany","16":"tag-grammy-awards","17":"tag-herbert-groenemeyer","18":"tag-marie-babette-nierenz","19":"tag-nordrhein-westfalen","20":"tag-philharmonie","21":"tag-philharmonie-essen","22":"tag-pjotr-tschaikowsky","23":"tag-sergej-rachmaninow","24":"tag-vfl-bochum","25":"tag-vonovia-ruhrstadion"},"share_on_mastodon":{"url":"https:\/\/pubeurope.com\/@de\/114687329364711823","error":""},"_links":{"self":[{"href":"https:\/\/www.europesays.com\/de\/wp-json\/wp\/v2\/posts\/192112","targetHints":{"allow":["GET"]}}],"collection":[{"href":"https:\/\/www.europesays.com\/de\/wp-json\/wp\/v2\/posts"}],"about":[{"href":"https:\/\/www.europesays.com\/de\/wp-json\/wp\/v2\/types\/post"}],"author":[{"embeddable":true,"href":"https:\/\/www.europesays.com\/de\/wp-json\/wp\/v2\/users\/2"}],"replies":[{"embeddable":true,"href":"https:\/\/www.europesays.com\/de\/wp-json\/wp\/v2\/comments?post=192112"}],"version-history":[{"count":0,"href":"https:\/\/www.europesays.com\/de\/wp-json\/wp\/v2\/posts\/192112\/revisions"}],"wp:featuredmedia":[{"embeddable":true,"href":"https:\/\/www.europesays.com\/de\/wp-json\/wp\/v2\/media\/192113"}],"wp:attachment":[{"href":"https:\/\/www.europesays.com\/de\/wp-json\/wp\/v2\/media?parent=192112"}],"wp:term":[{"taxonomy":"category","embeddable":true,"href":"https:\/\/www.europesays.com\/de\/wp-json\/wp\/v2\/categories?post=192112"},{"taxonomy":"post_tag","embeddable":true,"href":"https:\/\/www.europesays.com\/de\/wp-json\/wp\/v2\/tags?post=192112"}],"curies":[{"name":"wp","href":"https:\/\/api.w.org\/{rel}","templated":true}]}}