{"id":192261,"date":"2025-06-15T13:35:09","date_gmt":"2025-06-15T13:35:09","guid":{"rendered":"https:\/\/www.europesays.com\/de\/192261\/"},"modified":"2025-06-15T13:35:09","modified_gmt":"2025-06-15T13:35:09","slug":"u15-von-ratingen-04-19-unterliegt-rot-weiss-essen-in-regionalliga","status":"publish","type":"post","link":"https:\/\/www.europesays.com\/de\/192261\/","title":{"rendered":"U15 von Ratingen 04\/19 unterliegt Rot-Weiss Essen in Regionalliga"},"content":{"rendered":"<p class=\"text_ohne_einzug richtext text-em-55 !leading-serif mx-6 desktop:mx-0\"> Die Spielzeit 2024\/25 in der Regionalliga West ist f\u00fcr die U15-Fu\u00dfballer von <a href=\"https:\/\/rp-online.de\/thema\/ratingen\/\" target=\"_blank\" rel=\"noopener\">Ratingen<\/a> 04\/19 beendet. Zum Abschluss kassierte die Mannschaft von Andreas Voss noch eine 0:4 (0:2)-Niederlage bei <a href=\"https:\/\/rp-online.de\/thema\/rot-weiss-essen\/\" target=\"_blank\" rel=\"noopener\">Rot-Weiss Essen<\/a>. Dennoch zieht der scheidende Coach eine positive Bilanz und ist stolz auf das Erreichte. Am Ende erreichte die U15 den sechsten Platz in der Regionalliga.<\/p>\n<p class=\"richtext text-em-55 !leading-serif mx-6 desktop:mx-0\">F\u00fcr viele Vereine ging es am letzten Spieltag der Regionalliga um die ber\u00fchmt ber\u00fcchtigte Goldene Ananas. <a href=\"https:\/\/rp-online.de\/thema\/rwe\/\" target=\"_blank\" rel=\"noopener\">RWE<\/a> hatte noch die theoretische Chance auf Platz zwei und somit den Aufstieg. Dazu musste es das Spiel gegen Ratingen f\u00fcr sich entscheiden und auf einen Ausrutscher von Paderborn gegen das Schlusslicht Sportfreunde <a href=\"https:\/\/rp-online.de\/thema\/siegen\/\" target=\"_blank\" rel=\"noopener\">Siegen<\/a> hoffen. In diesem Falle w\u00e4ren beide Mannschaften punktgleich gewesen, und da Rot-Weiss <a href=\"https:\/\/rp-online.de\/thema\/essen\/\" target=\"_blank\" rel=\"noopener\">Essen<\/a> die Begegnungen gegen Paderborn mit 6:0 zu Hause und ausw\u00e4rts mit 1:0 f\u00fcr sich entschieden hatte, h\u00e4tte der bessere direkte Vergleich f\u00fcr Essen gesprochen.<\/p>\n<p class=\"richtext text-em-55 !leading-serif mx-6 desktop:mx-0\">F\u00fcr Ratingen begann die Partie denkbar schlecht. Schon in der ersten Spielminute traf Tom Ebbers zum 1:0 f\u00fcr RWE. \u201eWir sind etwas schl\u00e4frig gewesen. Das war dann nat\u00fcrlich ein denkbar schlechter Start f\u00fcr uns\u201c, sagte Voss. Doch 04\/19 kam nicht ins Spiel und musste noch vor der Pause das 0:2 hinnehmen. Zu diesem Zeitpunkt war aber auch schon klar, dass es das \u201eWunder von Essen\u201c nicht geben w\u00fcrde, denn der SC Paderborn f\u00fchrte nach den ersten 35 Minuten mit 3:0 und lie\u00df auch im zweiten Durchgang nichts mehr anbrennen. Durch einen fulminanten 7:0-Erfolg feierte der SCP sp\u00e4ter den Aufstieg, f\u00fcr Gegner <a href=\"https:\/\/rp-online.de\/thema\/sportfreunde-siegen\/\" target=\"_blank\" rel=\"noopener\">Sportfreunde Siegen<\/a> war damit der Abstieg besiegelt. Und auch der zweite Durchgang in Essen brachte f\u00fcr Ratingen 04\/19 keine positive Wendung mehr, denn die Rot-Wei\u00dfen legten zweimal nach und gewannen die Partie am Ende verdient mit 4:0.<\/p>\n<p class=\"richtext text-em-55 !leading-serif mx-6 desktop:mx-0\">Den einen oder anderen Abgang muss Ratingen 04\/19 aber auch verkraften. Unter anderem werden St\u00fcrmer Muksin Agyemang und Verteidiger Frederik V\u00f6ge zum Ratinger Kooperationspartner Fortuna D\u00fcsseldorf in das NLZ wechseln und dort den n\u00e4chsten Schritt in ihrer Karriere gehen. \u201eSo etwas erf\u00fcllt uns nat\u00fcrlich mit Stolz, denn wir sind ein Ausbildungsverein, auch wenn wir nat\u00fcrlich daf\u00fcr sorgen wollen, dass m\u00f6glichst viele Talente aus dem Nachwuchs- in den Seniorenbereich kommen\u201c, sagt Voss.<\/p>\n<p class=\"italic richtext text-em-55 !leading-serif mx-6 desktop:mx-0\"><strong class=\"font-bold dark:text-white-solid\">04\/19:<\/strong> Muslui (36. Blaschke) \u2013 Tambetabi (36. Mylonas), Aky\u00fcz, Blahr, Ajith \u2013 Tosic, Wiers, Dibanzilwa, Boz (36. Aydin), Djember \u2013 Celik (36. Waldmann).<\/p>\n","protected":false},"excerpt":{"rendered":"Die Spielzeit 2024\/25 in der Regionalliga West ist f\u00fcr die U15-Fu\u00dfballer von Ratingen 04\/19 beendet. Zum Abschluss kassierte&hellip;\n","protected":false},"author":2,"featured_media":192262,"comment_status":"","ping_status":"","sticky":false,"template":"","format":"standard","meta":{"footnotes":""},"categories":[1834],"tags":[3364,29,3688,30,45673,13213,1209,10078],"class_list":{"0":"post-192261","1":"post","2":"type-post","3":"status-publish","4":"format-standard","5":"has-post-thumbnail","7":"category-essen","8":"tag-de","9":"tag-deutschland","10":"tag-essen","11":"tag-germany","12":"tag-hausdorf","13":"tag-markus","14":"tag-nordrhein-westfalen","15":"tag-ratingen"},"share_on_mastodon":{"url":"https:\/\/pubeurope.com\/@de\/114687647672739429","error":""},"_links":{"self":[{"href":"https:\/\/www.europesays.com\/de\/wp-json\/wp\/v2\/posts\/192261","targetHints":{"allow":["GET"]}}],"collection":[{"href":"https:\/\/www.europesays.com\/de\/wp-json\/wp\/v2\/posts"}],"about":[{"href":"https:\/\/www.europesays.com\/de\/wp-json\/wp\/v2\/types\/post"}],"author":[{"embeddable":true,"href":"https:\/\/www.europesays.com\/de\/wp-json\/wp\/v2\/users\/2"}],"replies":[{"embeddable":true,"href":"https:\/\/www.europesays.com\/de\/wp-json\/wp\/v2\/comments?post=192261"}],"version-history":[{"count":0,"href":"https:\/\/www.europesays.com\/de\/wp-json\/wp\/v2\/posts\/192261\/revisions"}],"wp:featuredmedia":[{"embeddable":true,"href":"https:\/\/www.europesays.com\/de\/wp-json\/wp\/v2\/media\/192262"}],"wp:attachment":[{"href":"https:\/\/www.europesays.com\/de\/wp-json\/wp\/v2\/media?parent=192261"}],"wp:term":[{"taxonomy":"category","embeddable":true,"href":"https:\/\/www.europesays.com\/de\/wp-json\/wp\/v2\/categories?post=192261"},{"taxonomy":"post_tag","embeddable":true,"href":"https:\/\/www.europesays.com\/de\/wp-json\/wp\/v2\/tags?post=192261"}],"curies":[{"name":"wp","href":"https:\/\/api.w.org\/{rel}","templated":true}]}}