{"id":192288,"date":"2025-06-15T13:49:09","date_gmt":"2025-06-15T13:49:09","guid":{"rendered":"https:\/\/www.europesays.com\/de\/192288\/"},"modified":"2025-06-15T13:49:09","modified_gmt":"2025-06-15T13:49:09","slug":"feuer-im-kinderzimmer-in-muenchen-die-feuerwehr-kann-den-brand-eindaemmen-muenchen","status":"publish","type":"post","link":"https:\/\/www.europesays.com\/de\/192288\/","title":{"rendered":"Feuer im Kinderzimmer in M\u00fcnchen: Die Feuerwehr kann den Brand eind\u00e4mmen &#8211; M\u00fcnchen"},"content":{"rendered":"<p data-manual=\"paragraph\" data-schema-org-speakable=\"true\" class=\"css-1ylqqlw\">In einem Wohnhaus an der Otl-Aicher-Stra\u00dfe in Schwabing-<a href=\"https:\/\/www.sueddeutsche.de\/thema\/Freimann\" rel=\"nofollow noopener\" target=\"_blank\">Freimann<\/a> ist am Freitagabend gegen 18.25 Uhr ein Kinderzimmer komplett ausgebrannt. Verletzt wurde niemand.<\/p>\n<p data-manual=\"paragraph\" data-schema-org-speakable=\"true\" class=\"css-1ylqqlw\">Als die alarmierte Feuerwehr am Einsatzort eintraf, drohte das Feuer im vierten Stock bereits auf das Dachgeschoss \u00fcberzugreifen. \u00dcber das Treppenhaus und die Drehleiter bek\u00e4mpfte die Feuerwehr den Brand und verhinderte schnell, dass sich das Feuer auf weitere R\u00e4ume der Wohnung und den dar\u00fcberliegenden Balkon ausweiten konnte.<\/p>\n<p data-manual=\"paragraph\" data-schema-org-speakable=\"true\" class=\"css-1ylqqlw\">Die Wohnung der betroffenen Familie ist nicht mehr bewohnbar. Wie es zu dem Feuer kam, ist bislang ungekl\u00e4rt. Die Polizei ermittelt.<\/p>\n","protected":false},"excerpt":{"rendered":"In einem Wohnhaus an der Otl-Aicher-Stra\u00dfe in Schwabing-Freimann ist am Freitagabend gegen 18.25 Uhr ein Kinderzimmer komplett ausgebrannt.&hellip;\n","protected":false},"author":2,"featured_media":192289,"comment_status":"","ping_status":"","sticky":false,"template":"","format":"standard","meta":{"footnotes":""},"categories":[1827],"tags":[772,29,63560,2816,30,1268,3093,2814,149],"class_list":{"0":"post-192288","1":"post","2":"type-post","3":"status-publish","4":"format-standard","5":"has-post-thumbnail","7":"category-muenchen","8":"tag-bayern","9":"tag-deutschland","10":"tag-feuerwehr-muenchen","11":"tag-freimann","12":"tag-germany","13":"tag-muenchen","14":"tag-polizei-und-feuerwehr-in-muenchen","15":"tag-schwabing-freimann","16":"tag-sueddeutsche-zeitung"},"share_on_mastodon":{"url":"https:\/\/pubeurope.com\/@de\/114687702756928443","error":""},"_links":{"self":[{"href":"https:\/\/www.europesays.com\/de\/wp-json\/wp\/v2\/posts\/192288","targetHints":{"allow":["GET"]}}],"collection":[{"href":"https:\/\/www.europesays.com\/de\/wp-json\/wp\/v2\/posts"}],"about":[{"href":"https:\/\/www.europesays.com\/de\/wp-json\/wp\/v2\/types\/post"}],"author":[{"embeddable":true,"href":"https:\/\/www.europesays.com\/de\/wp-json\/wp\/v2\/users\/2"}],"replies":[{"embeddable":true,"href":"https:\/\/www.europesays.com\/de\/wp-json\/wp\/v2\/comments?post=192288"}],"version-history":[{"count":0,"href":"https:\/\/www.europesays.com\/de\/wp-json\/wp\/v2\/posts\/192288\/revisions"}],"wp:featuredmedia":[{"embeddable":true,"href":"https:\/\/www.europesays.com\/de\/wp-json\/wp\/v2\/media\/192289"}],"wp:attachment":[{"href":"https:\/\/www.europesays.com\/de\/wp-json\/wp\/v2\/media?parent=192288"}],"wp:term":[{"taxonomy":"category","embeddable":true,"href":"https:\/\/www.europesays.com\/de\/wp-json\/wp\/v2\/categories?post=192288"},{"taxonomy":"post_tag","embeddable":true,"href":"https:\/\/www.europesays.com\/de\/wp-json\/wp\/v2\/tags?post=192288"}],"curies":[{"name":"wp","href":"https:\/\/api.w.org\/{rel}","templated":true}]}}