{"id":192311,"date":"2025-06-15T14:01:09","date_gmt":"2025-06-15T14:01:09","guid":{"rendered":"https:\/\/www.europesays.com\/de\/192311\/"},"modified":"2025-06-15T14:01:09","modified_gmt":"2025-06-15T14:01:09","slug":"allgaeuer-koch-sebastian-brugger-vertritt-tim-maelzer","status":"publish","type":"post","link":"https:\/\/www.europesays.com\/de\/192311\/","title":{"rendered":"Allg\u00e4uer Koch Sebastian Brugger vertritt Tim M\u00e4lzer"},"content":{"rendered":"<p class=\"mb-6 text-xs md:text-m lg:text-l font-serif group-[.font-sans]:font-sans \">\n    In einer schwarz-wei\u00df-gestreiften Sch\u00fcrze steht Sebastian Brugger am Herd, in den T\u00f6pfen vor ihm brodelt es und er r\u00fchrt mit einem L\u00f6ffel darin herum. Eigentlich keine ungew\u00f6hnliche T\u00e4tigkeit f\u00fcr den Chefkoch. Ungewohnt ist aber das Kamerateam, das ihn dabei begleitet. Zudem steht er nicht an seinem normalen Arbeitsplatz in der Bullerei in Hamburg, sondern in einem Michelin-Stern-Restaurant in Schweden. Und das hat einen ganz besonderen Grund: Der Allg\u00e4uer Sebastian Brugger nimmt bei der Vox-Serie \u201eKitchen Impossible\u201c teil.\n  <\/p>\n<ul data-module-id=\"DragDropModule\" class=\"flex flex-wrap justify-start group-[.no-bookmarks]:hidden\">\n<li class=\"mb-3 mr-3\">\n    Felicia Stra\u00dfer<\/p>\n<p>      Icon Haken im Kreis gesetzt<\/p>\n<p>      Icon Plus im Kreis<\/p>\n<\/li>\n<li class=\"mb-3 mr-3\">\n    Marktoberdorf<\/p>\n<p>      Icon Haken im Kreis gesetzt<\/p>\n<p>      Icon Plus im Kreis<\/p>\n<\/li>\n<li class=\"mb-3 mr-3\">\n    Tim M\u00e4lzer<\/p>\n<p>      Icon Haken im Kreis gesetzt<\/p>\n<p>      Icon Plus im Kreis<\/p>\n<\/li>\n<\/ul>\n","protected":false},"excerpt":{"rendered":"In einer schwarz-wei\u00df-gestreiften Sch\u00fcrze steht Sebastian Brugger am Herd, in den T\u00f6pfen vor ihm brodelt es und er&hellip;\n","protected":false},"author":2,"featured_media":192312,"comment_status":"","ping_status":"","sticky":false,"template":"","format":"standard","meta":{"footnotes":""},"categories":[1773],"tags":[29,214,30,471,1780,215],"class_list":{"0":"post-192311","1":"post","2":"type-post","3":"status-publish","4":"format-standard","5":"has-post-thumbnail","7":"category-serien","8":"tag-deutschland","9":"tag-entertainment","10":"tag-germany","11":"tag-serien","12":"tag-series","13":"tag-unterhaltung"},"share_on_mastodon":{"url":"https:\/\/pubeurope.com\/@de\/114687750053104399","error":""},"_links":{"self":[{"href":"https:\/\/www.europesays.com\/de\/wp-json\/wp\/v2\/posts\/192311","targetHints":{"allow":["GET"]}}],"collection":[{"href":"https:\/\/www.europesays.com\/de\/wp-json\/wp\/v2\/posts"}],"about":[{"href":"https:\/\/www.europesays.com\/de\/wp-json\/wp\/v2\/types\/post"}],"author":[{"embeddable":true,"href":"https:\/\/www.europesays.com\/de\/wp-json\/wp\/v2\/users\/2"}],"replies":[{"embeddable":true,"href":"https:\/\/www.europesays.com\/de\/wp-json\/wp\/v2\/comments?post=192311"}],"version-history":[{"count":0,"href":"https:\/\/www.europesays.com\/de\/wp-json\/wp\/v2\/posts\/192311\/revisions"}],"wp:featuredmedia":[{"embeddable":true,"href":"https:\/\/www.europesays.com\/de\/wp-json\/wp\/v2\/media\/192312"}],"wp:attachment":[{"href":"https:\/\/www.europesays.com\/de\/wp-json\/wp\/v2\/media?parent=192311"}],"wp:term":[{"taxonomy":"category","embeddable":true,"href":"https:\/\/www.europesays.com\/de\/wp-json\/wp\/v2\/categories?post=192311"},{"taxonomy":"post_tag","embeddable":true,"href":"https:\/\/www.europesays.com\/de\/wp-json\/wp\/v2\/tags?post=192311"}],"curies":[{"name":"wp","href":"https:\/\/api.w.org\/{rel}","templated":true}]}}