{"id":192454,"date":"2025-06-15T15:20:09","date_gmt":"2025-06-15T15:20:09","guid":{"rendered":"https:\/\/www.europesays.com\/de\/192454\/"},"modified":"2025-06-15T15:20:09","modified_gmt":"2025-06-15T15:20:09","slug":"martin-oswalds-neues-buch-auf-kafkas-spuren","status":"publish","type":"post","link":"https:\/\/www.europesays.com\/de\/192454\/","title":{"rendered":"Martin Oswalds neues Buch, auf Kafkas Spuren"},"content":{"rendered":"<p class=\"mb-6 text-xs md:text-m lg:text-l font-serif group-[.font-sans]:font-sans \">\n    Der erste Satz dieser Beobachtungen ist \u201eNebens\u00e4chlichkeitsforscher bin ich\u201c und k\u00f6nnte auch ihr Titel sein. Der aber lautet \u201eKafka hat am Sonntag geschlossen\u201c. Dabei handelt es sich um ein t\u00fcrkisches Schnellrestaurant im Mittelfr\u00e4nkischen \u2013 gewisserma\u00dfen ein gefundenes Fressen f\u00fcr diesen Nebens\u00e4chlichkeitsforscher. Martin Oswald hei\u00dft der, ist geb\u00fcrtiger W\u00fcrzburger, bildender K\u00fcnstler und promovierter Kunsterzieher mit Professur an der P\u00e4dagogischen Hochschule Weingarten, hat lange als Hausautor der kabarettistischen Mehlprimeln gewirkt und <a href=\"https:\/\/www.augsburger-allgemeine.de\/bayern\/glosse-dem-paradies-so-nah-bayern-ist-laut-einer-studie-das-kinder-und-familienfreundlichste-land-109141850\" target=\"_self\" class=\"underline \" rel=\"nofollow noopener\">mit seiner jetzigen Publikation auch Gerhard Polt zu seinem \u201edankbaren Leser\u201c gemacht<\/a>.\n  <\/p>\n<p>            Eine Bushalte in der Provinz wird f\u00fcr Martin Oswald zur Roman-Kulisse<\/p>\n<p class=\"mb-6 text-xs md:text-m lg:text-l font-serif group-[.font-sans]:font-sans \">\n    Damit ist hinreichend Lob ausgesprochen, <a href=\"https:\/\/www.augsburger-allgemeine.de\/bayern\/kommentar-konflikt-mit-monika-gruber-weniger-drama-mehr-humor-id68971356.html\" target=\"_self\" class=\"underline \" rel=\"nofollow noopener\">wenngleich der von Polt ausgemachte \u201eruhige Atem der Provinz\u201c<\/a> gelegentlich auch zu Atemproblemen neigt. Das hat damit zu tun, dass die Bushaltestelle \u201eMilchhaus\u201c von D\u00fcrrenmungenau als Kulisse nicht so viel hermacht wie das Empire State Building von New York oder die Pyramiden von Gizeh und das Mundartst\u00fcck \u201eMa konns oafach koam recht macha\u201c in einer Turnhalle von Abenberg nicht so viel wie eine Puccini-Oper in der Mail\u00e4nder Scala.\n  <\/p>\n<p class=\"mb-6 text-xs md:text-m lg:text-l font-serif group-[.font-sans]:font-sans \">\n    Und doch reizt Oswald die Erkenntnis, wie sich \u201edie Grenzen zwischen Lokalem und Globalem verwischen\u201c. So in Bechhofen, wo einst erwerbsm\u00e4\u00dfig Pech im Ofen gesiedet wurde und heute zwei naturgesch\u00fctzte Baggerseen die siedende Weltmisere der Trockenheit erleiden.\n  <\/p>\n<p class=\"mb-6 text-xs md:text-m lg:text-l font-serif group-[.font-sans]:font-sans \">\n    Das stimmt nachdenklich, auch wehm\u00fctig wie alles Werden und Vergehen und macht einen Grundton dieser Beobachtungen aus. Zum Beispiel das Kl\u00f6ppeln. Wer kl\u00f6ppelt denn noch, wei\u00df, was ein \u201eKl\u00f6ppelbrief\u201c ist oder dass der Begriff \u201efadenscheinig\u201c von diesem Handwerk herr\u00fchrt? In Abenberg, wo Kl\u00f6ppeln \u00fcber Jahrhunderte zum Haupterwerb geh\u00f6rte, l\u00e4sst sich das alles erfahren. Hier besteht die 1913 gegr\u00fcndete Spitzenkl\u00f6ppelschule bis heute und seit 2001 auf der hohen Burg auch das singul\u00e4re Kl\u00f6ppelmuseum.\n  <\/p>\n<p>            Martin Oswald war \u201eTurmschreiber\u201c in Abenberg<\/p>\n<p class=\"mb-6 text-xs md:text-m lg:text-l font-serif group-[.font-sans]:font-sans \">\n    F\u00fcrwahr mehr als eine Nebensache \u2013 <a href=\"https:\/\/www.augsburger-allgemeine.de\/panorama\/glosse-ein-mann-ein-weg-ein-rasenmaehgeraet-was-steckt-im-aufsitzrasenmaeher-id69573601.html\" target=\"_self\" class=\"underline \" rel=\"nofollow noopener\">auch f\u00fcr einen \u201eNebens\u00e4chlichkeitsforscher\u201c wie Martin Oswald<\/a>. Der delektiert sich daran, w\u00e4hrend er im Oktober 2023 als \u201eAbenberger Turmschreiber\u201c die Stadt und ihr Umland erkundet. Der Landkreis Roth, die Burgstadt Abenberg und der Burg-F\u00f6rderverein k\u00fcren alle drei Jahre diesen \u201eTurmschreiber\u201c. Als Solchem entgeht Martin Oswald der gewesene \u201eGlockenstiftungsverein Ewigkeit\u201c von Obersteinbach so wenig wie die entlegene Eckkneipe \u201eHopfenstube\u201c, deren ergrauter Betreiber seit 50 Jahren dem t\u00f6nenden Woodstock anh\u00e4ngt. Und doch bemerkt Oswald in dieser Lokalit\u00e4t, die an einst bl\u00fchenden Hopfenanbau erinnert: \u201eDie bevorzugte Sprachform ist Schweigen.\u201c\n  <\/p>\n<p class=\"mb-6 text-xs md:text-m lg:text-l font-serif group-[.font-sans]:font-sans \">\n    Das sind diese S\u00e4tze, die Lust zum Lesen machen. Der Autor \u00e4u\u00dfert sie in seinem Provinzspiegel wie ein Schelm \u2013 lakonisch. Hintersinnig. Das betrifft auch seine komplexen Substantive: Nebens\u00e4chlichkeitsforscher klingt ja noch harmlos im Vergleich zu Kartoffelkellerluftschutzraum, Flechtwerkr\u00fcckenlehnst\u00fchle, Betonverbundplattenwelt, Ortsverbindungsstra\u00dfentote. Dennoch reicht Oswald kaum an deutsche Realit\u00e4t heran. Die offeriert nicht etwa zur am\u00fcsanten Lekt\u00fcre am Feierabend, sondern allen Ernstes zur Bew\u00e4ltigung des grauen Alltags Wortungeheuer wie \u201eB\u00fcrokratier\u00fcckbaugesetz\u201c oder \u201ePlanfeststellungsbeschleunigungsgesetz\u201c oder gar \u201eLieferkettensorgfaltspflichtengesetz\u201c. Kafka (nicht der, der am Sonntag geschlossen hat) kann einpacken.\n  <\/p>\n<p class=\"mb-6 text-xs md:text-m lg:text-l font-serif group-[.font-sans]:font-sans \">\n    <strong class=\"font-bold\">Info:<\/strong> Martin Oswald: \u201eKafka hat am Sonntag geschlossen. Beobachtungen eines Flaneurs\u201c. Alfred Kr\u00f6ner Verlag, Stuttgart; 153 Seiten, 22 Euro.\n  <\/p>\n<ul data-module-id=\"DragDropModule\" class=\"flex flex-wrap justify-start group-[.no-bookmarks]:hidden\">\n<li class=\"mb-3 mr-3\">\n    Hans Krebs<\/p>\n<p>      Icon Haken im Kreis gesetzt<\/p>\n<p>      Icon Plus im Kreis<\/p>\n<\/li>\n<li class=\"mb-3 mr-3\">\n    Martin Oswald<\/p>\n<p>      Icon Haken im Kreis gesetzt<\/p>\n<p>      Icon Plus im Kreis<\/p>\n<\/li>\n<li class=\"mb-3 mr-3\">\n    Gerhard Polt<\/p>\n<p>      Icon Haken im Kreis gesetzt<\/p>\n<p>      Icon Plus im Kreis<\/p>\n<\/li>\n<\/ul>\n","protected":false},"excerpt":{"rendered":"Der erste Satz dieser Beobachtungen ist \u201eNebens\u00e4chlichkeitsforscher bin ich\u201c und k\u00f6nnte auch ihr Titel sein. Der aber lautet&hellip;\n","protected":false},"author":2,"featured_media":192455,"comment_status":"","ping_status":"","sticky":false,"template":"","format":"standard","meta":{"footnotes":""},"categories":[1774],"tags":[1784,1785,29,214,30,215],"class_list":{"0":"post-192454","1":"post","2":"type-post","3":"status-publish","4":"format-standard","5":"has-post-thumbnail","7":"category-buecher","8":"tag-books","9":"tag-buecher","10":"tag-deutschland","11":"tag-entertainment","12":"tag-germany","13":"tag-unterhaltung"},"share_on_mastodon":{"url":"https:\/\/pubeurope.com\/@de\/114688060759863801","error":""},"_links":{"self":[{"href":"https:\/\/www.europesays.com\/de\/wp-json\/wp\/v2\/posts\/192454","targetHints":{"allow":["GET"]}}],"collection":[{"href":"https:\/\/www.europesays.com\/de\/wp-json\/wp\/v2\/posts"}],"about":[{"href":"https:\/\/www.europesays.com\/de\/wp-json\/wp\/v2\/types\/post"}],"author":[{"embeddable":true,"href":"https:\/\/www.europesays.com\/de\/wp-json\/wp\/v2\/users\/2"}],"replies":[{"embeddable":true,"href":"https:\/\/www.europesays.com\/de\/wp-json\/wp\/v2\/comments?post=192454"}],"version-history":[{"count":0,"href":"https:\/\/www.europesays.com\/de\/wp-json\/wp\/v2\/posts\/192454\/revisions"}],"wp:featuredmedia":[{"embeddable":true,"href":"https:\/\/www.europesays.com\/de\/wp-json\/wp\/v2\/media\/192455"}],"wp:attachment":[{"href":"https:\/\/www.europesays.com\/de\/wp-json\/wp\/v2\/media?parent=192454"}],"wp:term":[{"taxonomy":"category","embeddable":true,"href":"https:\/\/www.europesays.com\/de\/wp-json\/wp\/v2\/categories?post=192454"},{"taxonomy":"post_tag","embeddable":true,"href":"https:\/\/www.europesays.com\/de\/wp-json\/wp\/v2\/tags?post=192454"}],"curies":[{"name":"wp","href":"https:\/\/api.w.org\/{rel}","templated":true}]}}