{"id":192493,"date":"2025-06-15T15:41:15","date_gmt":"2025-06-15T15:41:15","guid":{"rendered":"https:\/\/www.europesays.com\/de\/192493\/"},"modified":"2025-06-15T15:41:15","modified_gmt":"2025-06-15T15:41:15","slug":"die-designierte-spd-fraktionsvorsitzende-sagt-es-war-zeit-konsequenzen-zu-ziehen-ludwigshafen","status":"publish","type":"post","link":"https:\/\/www.europesays.com\/de\/192493\/","title":{"rendered":"Die designierte SPD-Fraktionsvorsitzende sagt: \u201eEs war Zeit, Konsequenzen zu ziehen\u201c &#8211; Ludwigshafen"},"content":{"rendered":"<p class=\"rhp-dpa-teaser\"><b>In Ludwigshafen  \u00fcbernimmt Julia May bald den Vorsitz der  SPD-Stadtratsfraktion von David Guthier. Ein Gespr\u00e4ch \u00fcber den Kurs der Partei und wichtige Personalfragen.<\/b><\/p>\n<p><b>Frau May, warum w\u00e4re B\u00e4rbel Bas eine gute SPD-Bundesvorsitzende?<\/b><br \/>Weil wir neues Personal an der Spitze brauchen. Als Bundestagspr\u00e4sidentin hat sie sich \u00fcber <\/p>\n<p class=\"\">Bitte loggen Sie sich ein um den Artikel im Klartext zu sehen.<\/p>\n<p class=\"\">gntnearePizer negwhi oehh enrugnknneA rbrwen.oe ieS tsi manndds;lobe&amp;tgiu dnu ;f&amp;lmuhrtu tmi mde innBdmieesusirutm fm&amp;lu;ur ietrbA nud eiosSazl ine sitcehwig sorts.eR<\/p>\n<p class=\"\">Wne esnhe eiS an ehrir etieS nshd;&amp;a niherwtei nenei asLr btleiilegGunK? egr.Fa Er its tcnhi ehmr zgan ehrub.urv<\/p>\n","protected":false},"excerpt":{"rendered":"In Ludwigshafen \u00fcbernimmt Julia May bald den Vorsitz der SPD-Stadtratsfraktion von David Guthier. Ein Gespr\u00e4ch \u00fcber den Kurs&hellip;\n","protected":false},"author":2,"featured_media":192494,"comment_status":"","ping_status":"","sticky":false,"template":"","format":"standard","meta":{"footnotes":""},"categories":[1845],"tags":[186,1634,32036,63674,424,55431,3364,29,548,663,3934,30,13,32414,776,4060,25476,2096,14,15,7590,12,184,151],"class_list":{"0":"post-192493","1":"post","2":"type-post","3":"status-publish","4":"format-standard","5":"has-post-thumbnail","7":"category-mannheim","8":"tag-afd","9":"tag-baden-wuerttemberg","10":"tag-baerbel-bas","11":"tag-bmas","12":"tag-bundestagswahl","13":"tag-david-guthier","14":"tag-de","15":"tag-deutschland","16":"tag-eu","17":"tag-europa","18":"tag-europe","19":"tag-germany","20":"tag-headlines","21":"tag-joachim-paul","22":"tag-lars-klingbeil","23":"tag-lokal","24":"tag-ludwigshafen","25":"tag-mannheim","26":"tag-nachrichten","27":"tag-news","28":"tag-saskia-esken","29":"tag-schlagzeilen","30":"tag-spd","31":"tag-tiktok"},"share_on_mastodon":{"url":"https:\/\/pubeurope.com\/@de\/114688143354483629","error":""},"_links":{"self":[{"href":"https:\/\/www.europesays.com\/de\/wp-json\/wp\/v2\/posts\/192493","targetHints":{"allow":["GET"]}}],"collection":[{"href":"https:\/\/www.europesays.com\/de\/wp-json\/wp\/v2\/posts"}],"about":[{"href":"https:\/\/www.europesays.com\/de\/wp-json\/wp\/v2\/types\/post"}],"author":[{"embeddable":true,"href":"https:\/\/www.europesays.com\/de\/wp-json\/wp\/v2\/users\/2"}],"replies":[{"embeddable":true,"href":"https:\/\/www.europesays.com\/de\/wp-json\/wp\/v2\/comments?post=192493"}],"version-history":[{"count":0,"href":"https:\/\/www.europesays.com\/de\/wp-json\/wp\/v2\/posts\/192493\/revisions"}],"wp:featuredmedia":[{"embeddable":true,"href":"https:\/\/www.europesays.com\/de\/wp-json\/wp\/v2\/media\/192494"}],"wp:attachment":[{"href":"https:\/\/www.europesays.com\/de\/wp-json\/wp\/v2\/media?parent=192493"}],"wp:term":[{"taxonomy":"category","embeddable":true,"href":"https:\/\/www.europesays.com\/de\/wp-json\/wp\/v2\/categories?post=192493"},{"taxonomy":"post_tag","embeddable":true,"href":"https:\/\/www.europesays.com\/de\/wp-json\/wp\/v2\/tags?post=192493"}],"curies":[{"name":"wp","href":"https:\/\/api.w.org\/{rel}","templated":true}]}}