{"id":192714,"date":"2025-06-15T17:43:08","date_gmt":"2025-06-15T17:43:08","guid":{"rendered":"https:\/\/www.europesays.com\/de\/192714\/"},"modified":"2025-06-15T17:43:08","modified_gmt":"2025-06-15T17:43:08","slug":"flughafen-duesseldorf-bleibt-keine-andere-wahl-passagiere-sehen-es-sofort","status":"publish","type":"post","link":"https:\/\/www.europesays.com\/de\/192714\/","title":{"rendered":"Flughafen D\u00fcsseldorf bleibt keine andere Wahl \u2013 Passagiere sehen es sofort"},"content":{"rendered":"<p>Seit dieser Woche stehen am Flughafen D\u00fcsseldorf hohe graue W\u00e4nde um die Sicherheitskontrollen. F\u00fcr Reisende, denen die Neuerung gleich ins Auge stechen d\u00fcrfte, wirkt das wohl noch recht ungewohnt. Doch dahinter steckt ein l\u00e4ngerer Rechtsstreit. Nun gibt es ein endg\u00fcltiges Urteil \u2013 der Flughafen musste die W\u00e4nde errichten.<\/p>\n<p>Ein Sprecher des Flughafens sagte gegen\u00fcber \u201et-online\u201c, der Aufbau sei \u201ein enger Abstimmung mit allen zust\u00e4ndigen Stellen sowie der Bundespolizei\u201c erfolgt. Weiter erkl\u00e4rte er: \u201eMit dieser baulichen Ma\u00dfnahme setzen wir eine Auflage zur Sicherung derzeit ungenutzter Kontrollspuren um. Hintergrund ist ein Urteil des Bundesverwaltungsgerichts vom 13. M\u00e4rz 2025.\u201c Doch was bedeutet das konkret?<\/p>\n<p>Flughafen D\u00fcsseldorf: Streit landet vor Gericht<\/p>\n<p>Die EU hatte bereits 2015 vorgeschrieben, dass Kontrollspuren an Flugh\u00e4fen besser gesichert werden m\u00fcssen. Am Flughafen D\u00fcsseldorf bedeutet das: Nur aktive Kontrollspuren d\u00fcrfen zug\u00e4nglich sein, geschlossene Bereiche m\u00fcssen aus Sicherheitsgr\u00fcnden abgeschirmt werden \u2013 damit Unbefugte nicht unkontrolliert passieren k\u00f6nnen.<\/p>\n<p>Bisher setzte der Flughafen D\u00fcsseldorf lediglich Absperrb\u00e4nder ein, um ungenutzte Kontrollspuren abzusichern. Das war dem NRW-Verkehrsministerium jedoch nicht genug. Es forderte den Flughafen auf, \u201ebaulich-technische Vorkehrungen zu treffen, die ein Umgehen der Sicherheitskontrolle an den nicht genutzten Kontrollspuren verhindern.\u201c Der Flughafen selbst wollte die Kosten f\u00fcr feste W\u00e4nde jedoch nicht \u00fcbernehmen und argumentierte, die Verantwortung liege bei der Bundespolizei. Die Bundespolizei sah sich ebenfalls nicht in der Verantwortung, sodass der Streit vor dem Bundesverwaltungsgericht landete.<\/p>\n<p>Flughafen hat keine andere Wahl<\/p>\n<p>Das entschied nun endg\u00fcltig: Der Flughafen ist f\u00fcr die Absperrungen zust\u00e4ndig. Die Richter urteilten, Absperrb\u00e4nder seien \u201esoweit sich ihnen \u00fcberhaupt eine physische Bedeutung beimessen l\u00e4sst\u201c, nicht ausreichend, um den Zugang wirksam zu begrenzen.<\/p>\n<p>+++ Auch interessant: <a href=\"https:\/\/www.derwesten.de\/region\/flughafen-duesseldorf-airport-nrw-id301630485.html\" rel=\"nofollow noopener\" target=\"_blank\">\u00c4nderung am Flughafen D\u00fcsseldorf \u2013 \u201eWat ist dat denn?\u201c<\/a> +++<\/p>\n<p>F\u00fcr bauliche Ma\u00dfnahmen ist grunds\u00e4tzlich der <a href=\"https:\/\/www.derwesten.de\/themen\/flughafen-duesseldorf\" rel=\"nofollow noopener\" target=\"_blank\">Flughafen D\u00fcsseldorf<\/a> verantwortlich. Die Bundespolizei \u00fcbernimmt nur die Kontrollen, die dort ein Sicherheitsunternehmen durchf\u00fchrt. Dieses lenkt die Passagiere und \u00fcberpr\u00fcft das Handgep\u00e4ck, w\u00e4hrend Bundespolizisten am Ende der Kontrollen nur \u00fcberwachen.<\/p>\n<p>+++ Auch interessant: <a href=\"https:\/\/www.derwesten.de\/region\/flughafen-duesseldorf-arbeitslose-zoll-gepaeck-nrw-id301600855.html\" rel=\"nofollow noopener\" target=\"_blank\">Arbeitslose wollen am Flughafen D\u00fcsseldorf abheben \u2013 irre, was sie im Gep\u00e4ck verstecken<\/a> +++<\/p>\n<p>Flughafen D\u00fcsseldorf: Was \u00e4ndert sich f\u00fcr Passagiere?<\/p>\n<p>Nach dem juristischen Hickhack baute der Flughafen D\u00fcsseldorf jetzt die grauen W\u00e4nde auf. Der Flughafensprecher sagt: \u201eDie W\u00e4nde sichern aktuell nicht aktive Spuren und unterst\u00fctzen zugleich eine klare Wegf\u00fchrung f\u00fcr die Passagiere. Dank integrierter T\u00fcren bleiben alle ge\u00f6ffneten Kontrollspuren wie gewohnt zug\u00e4nglich.\u201c Weiter hei\u00dft es, dass f\u00fcr die Reisenden alles beim Alten bleibe: \u201eKurze Wege, z\u00fcgige Abl\u00e4ufe. Unser Personal ist wie immer vor Ort und unterst\u00fctzt die Flugg\u00e4ste bei Fragen.\u201c<\/p>\n<p>Hier mehr lesen:<\/p>\n<p>Die grauen W\u00e4nde sind nur eine \u00dcbergangsl\u00f6sung. Der Sprecher erkl\u00e4rt, dass sp\u00e4ter hochwertige Glasw\u00e4nde installiert werden, die sicher und modern sind. Die Umsetzung dauert noch mehrere Monate, bis dahin werden die W\u00e4nde mit informativen Inhalten gestaltet.<\/p>\n<p>Dieser Artikel wurde teils mit maschineller Unterst\u00fctzung erstellt und vor der Ver\u00f6ffentlichung von der Redaktion sorgf\u00e4ltig gepr\u00fcft.<\/p>\n","protected":false},"excerpt":{"rendered":"Seit dieser Woche stehen am Flughafen D\u00fcsseldorf hohe graue W\u00e4nde um die Sicherheitskontrollen. F\u00fcr Reisende, denen die Neuerung&hellip;\n","protected":false},"author":2,"featured_media":192715,"comment_status":"","ping_status":"","sticky":false,"template":"","format":"standard","meta":{"footnotes":""},"categories":[1831],"tags":[3364,29,3405,3444,30,1209],"class_list":{"0":"post-192714","1":"post","2":"type-post","3":"status-publish","4":"format-standard","5":"has-post-thumbnail","7":"category-duesseldorf","8":"tag-de","9":"tag-deutschland","10":"tag-duesseldorf","11":"tag-flughafen-duesseldorf","12":"tag-germany","13":"tag-nordrhein-westfalen"},"share_on_mastodon":{"url":"https:\/\/pubeurope.com\/@de\/114688623093560908","error":""},"_links":{"self":[{"href":"https:\/\/www.europesays.com\/de\/wp-json\/wp\/v2\/posts\/192714","targetHints":{"allow":["GET"]}}],"collection":[{"href":"https:\/\/www.europesays.com\/de\/wp-json\/wp\/v2\/posts"}],"about":[{"href":"https:\/\/www.europesays.com\/de\/wp-json\/wp\/v2\/types\/post"}],"author":[{"embeddable":true,"href":"https:\/\/www.europesays.com\/de\/wp-json\/wp\/v2\/users\/2"}],"replies":[{"embeddable":true,"href":"https:\/\/www.europesays.com\/de\/wp-json\/wp\/v2\/comments?post=192714"}],"version-history":[{"count":0,"href":"https:\/\/www.europesays.com\/de\/wp-json\/wp\/v2\/posts\/192714\/revisions"}],"wp:featuredmedia":[{"embeddable":true,"href":"https:\/\/www.europesays.com\/de\/wp-json\/wp\/v2\/media\/192715"}],"wp:attachment":[{"href":"https:\/\/www.europesays.com\/de\/wp-json\/wp\/v2\/media?parent=192714"}],"wp:term":[{"taxonomy":"category","embeddable":true,"href":"https:\/\/www.europesays.com\/de\/wp-json\/wp\/v2\/categories?post=192714"},{"taxonomy":"post_tag","embeddable":true,"href":"https:\/\/www.europesays.com\/de\/wp-json\/wp\/v2\/tags?post=192714"}],"curies":[{"name":"wp","href":"https:\/\/api.w.org\/{rel}","templated":true}]}}