{"id":192731,"date":"2025-06-15T17:53:12","date_gmt":"2025-06-15T17:53:12","guid":{"rendered":"https:\/\/www.europesays.com\/de\/192731\/"},"modified":"2025-06-15T17:53:12","modified_gmt":"2025-06-15T17:53:12","slug":"grosser-nahverkehrskongress-in-hamburg-gestartet-ndr-de-nachrichten","status":"publish","type":"post","link":"https:\/\/www.europesays.com\/de\/192731\/","title":{"rendered":"Gro\u00dfer Nahverkehrskongress in Hamburg gestartet | NDR.de &#8211; Nachrichten"},"content":{"rendered":"<p>\nStand: 15.06.2025 18:36 Uhr\n<\/p>\n<p class=\"preface\">In den Messehallen hat am Sonntag der Nahverkehrskongress UITP Summit 2025 begonnen.\u00a0Bis Mittwoch werden mehr als 10.000 Fachbesucherinnen und -besucher erwartet.<\/p>\n<p>Wie wird sich der \u00f6ffentliche Nahverkehr entwickeln? Und wie k\u00f6nnten St\u00e4dte in Zukunft staufreier werden? Mit diesen Fragen besch\u00e4ftigen sich seit Sonntag Fachbesucherinnen und -besucher aus aller Welt. Der Weltkongress des \u00f6ffentlichen Nahverkehrs, kurz UITP, gilt als richtungsweisend in der Branche.\u00a0UITP ist die Abk\u00fcrzung f\u00fcr die franz\u00f6sische Bezeichnung Union Internationale des Transports Publics.<\/p>\n<p>400 Ausstellerinnen und Aussteller<\/p>\n<p>Rund 400 Ausstellerinnen und Aussteller pr\u00e4sentieren ihre Verkehrsprodukte in den Messehallen. Ein zentrales Thema ist das autonome Fahren. VW will beispielsweise am Dienstag zusammen mit dem Sammeltaxianbieter Moia seinen vollautonomen ID.Buzz der Welt\u00f6ffentlichkeit vorstellen.<\/p>\n<p>HVV zeigt Haltestelle der Zukunft<\/p>\n<p>Hamburg will beim eigenen Nahverkehr als Vorbild vorangehen. So pr\u00e4sentiert der Hamburger Verkehrsverbund (HVV) zum Beispiel seine Haltestelle der Zukunft. Im Zentrum steht dabei ein KI-gest\u00fctzter Avatar, der als Reiseassistent fungiert und durch ein menschliches Antlitz eine m\u00f6glichst echte, barrierefreie Interaktion erm\u00f6glichen soll.<\/p>\n<p>Weitere Informationen<\/p>\n<p><img decoding=\"async\" src=\"https:\/\/www.europesays.com\/de\/wp-content\/uploads\/2025\/06\/bus786_v-contentgross.jpg\" alt=\"Eine als Kr\u00fcmelmonster verkleidete Person steht vor einem Linienbus der Hamburger Hochbahn, der anl\u00e4sslich des 50-j\u00e4hrigen Jubil\u00e4um der Sesamstra\u00dfe mit den Figuren Ernie (l.) und Bert beklebt ist. \u00a9 picture alliance \/ dpa Foto: Daniel Bockwoldt\" title=\"Eine als Kr\u00fcmelmonster verkleidete Person steht vor einem Linienbus der Hamburger Hochbahn, der anl\u00e4sslich des 50-j\u00e4hrigen Jubil\u00e4um der Sesamstra\u00dfe mit den Figuren Ernie (l.) und Bert beklebt ist.\" class=\"responsive\"\/><\/p>\n<p>\nBeim UITP Summit 2025 in Hamburg geht es um die Zukunft des Nahverkehrs. Zum Auftakt gab es ein &#8222;Mobility Festival&#8220; am Jungfernstieg.<br \/>\n<a title=\"Zum Artikel: Gro\u00dfer Nahverkehrskongress in Hamburg mit Familientag gestartet\" href=\"https:\/\/www.ndr.de\/nachrichten\/hamburg\/Grosser-Nahverkehrskongress-in-Hamburg-mit-Familientag-gestartet,mobilityfestival100.html\" class=\"cta \" target=\"_blank\" rel=\"noopener\">mehr<\/a>\n<\/p>\n<p><img decoding=\"async\" src=\"https:\/\/www.europesays.com\/de\/wp-content\/uploads\/2025\/06\/vwbusse100_v-contentgross.jpg\" alt=\"Autonom fahrende ID. Buzz AD von Volkswagen fahren in einer Halle auf einem Moia-Hub in Hamburg. \u00a9 dpa Foto: Marcus Brandt\" title=\"Autonom fahrende ID. Buzz AD von Volkswagen fahren in einer Halle auf einem Moia-Hub in Hamburg.\" class=\"responsive\"\/><\/p>\n<p>\nDie VW-Tochter Moia l\u00e4sst 25 autonom lenkende Elektrobusse durch den Stadtverkehr rollen. Am Montag wurden die Fahrzeuge pr\u00e4sentiert.<br \/>\n<a title=\"Zum Artikel: Fahrerlose Moia-Sammeltaxis werden in Hamburg getestet\" href=\"https:\/\/www.ndr.de\/nachrichten\/hamburg\/Fahrerlose-Moia-Sammeltaxis-werden-in-Hamburg-getestet,mobilitaet334.html\" class=\"cta \" target=\"_blank\" rel=\"noopener\">mehr<\/a>\n<\/p>\n<p><img decoding=\"async\" src=\"https:\/\/www.europesays.com\/de\/wp-content\/uploads\/2025\/06\/screenshot1831534_v-contentgross.jpg\" alt=\"Pressekonferenz zum UITP Summit 2025, der 2025 in Hamburg stattfinden soll. \u00a9 Screenshot \" title=\"Pressekonferenz zum UITP Summit 2025, der 2025 in Hamburg stattfinden soll.\" class=\"responsive\"\/><\/p>\n<p>\nBeim UITP Summit 2025 geht es um moderne Verkehrsmittel. Rund 400 Aussteller werden im Juni 2025 auf dem Hamburger Messegel\u00e4nde erwartet.<br \/>\n<a title=\"Zum Artikel: Weltkongress f\u00fcr \u00f6ffentlichen Nahverkehr 2025 in Hamburg\" href=\"https:\/\/www.ndr.de\/nachrichten\/hamburg\/Weltkongress-fuer-oeffentlichen-Nahverkehr-2025-in-Hamburg,uitp100.html\" class=\"cta \" target=\"_blank\" rel=\"noopener\">mehr<\/a>\n<\/p>\n<p>Dieses Thema im Programm:<\/p>\n<p>NDR 90,3 |<br \/>\nNDR 90,3 Aktuell |<br \/>\n15.06.2025 | 17:00 Uhr<\/p>\n<p><img decoding=\"async\" src=\"https:\/\/www.europesays.com\/de\/wp-content\/uploads\/2025\/03\/ndr_printlogo.gif\" alt=\"NDR Logo\" title=\"NDR Logo\"\/><\/p>\n","protected":false},"excerpt":{"rendered":"Stand: 15.06.2025 18:36 Uhr In den Messehallen hat am Sonntag der Nahverkehrskongress UITP Summit 2025 begonnen.\u00a0Bis Mittwoch werden&hellip;\n","protected":false},"author":2,"featured_media":192732,"comment_status":"","ping_status":"","sticky":false,"template":"","format":"standard","meta":{"footnotes":""},"categories":[1826],"tags":[29,30,692,12070,58696,63754,438,439,440,27633,83,63079],"class_list":{"0":"post-192731","1":"post","2":"type-post","3":"status-publish","4":"format-standard","5":"has-post-thumbnail","7":"category-hamburg","8":"tag-deutschland","9":"tag-germany","10":"tag-hamburg","11":"tag-kongress","12":"tag-messehallen","13":"tag-nahverkehrskongress","14":"tag-ndr","15":"tag-norddeutscher-rundfunk","16":"tag-norddeutschland","17":"tag-oeffentlicher-nahverkehr","18":"tag-radio","19":"tag-uitp"},"share_on_mastodon":{"url":"https:\/\/pubeurope.com\/@de\/114688662219068015","error":""},"_links":{"self":[{"href":"https:\/\/www.europesays.com\/de\/wp-json\/wp\/v2\/posts\/192731","targetHints":{"allow":["GET"]}}],"collection":[{"href":"https:\/\/www.europesays.com\/de\/wp-json\/wp\/v2\/posts"}],"about":[{"href":"https:\/\/www.europesays.com\/de\/wp-json\/wp\/v2\/types\/post"}],"author":[{"embeddable":true,"href":"https:\/\/www.europesays.com\/de\/wp-json\/wp\/v2\/users\/2"}],"replies":[{"embeddable":true,"href":"https:\/\/www.europesays.com\/de\/wp-json\/wp\/v2\/comments?post=192731"}],"version-history":[{"count":0,"href":"https:\/\/www.europesays.com\/de\/wp-json\/wp\/v2\/posts\/192731\/revisions"}],"wp:featuredmedia":[{"embeddable":true,"href":"https:\/\/www.europesays.com\/de\/wp-json\/wp\/v2\/media\/192732"}],"wp:attachment":[{"href":"https:\/\/www.europesays.com\/de\/wp-json\/wp\/v2\/media?parent=192731"}],"wp:term":[{"taxonomy":"category","embeddable":true,"href":"https:\/\/www.europesays.com\/de\/wp-json\/wp\/v2\/categories?post=192731"},{"taxonomy":"post_tag","embeddable":true,"href":"https:\/\/www.europesays.com\/de\/wp-json\/wp\/v2\/tags?post=192731"}],"curies":[{"name":"wp","href":"https:\/\/api.w.org\/{rel}","templated":true}]}}