{"id":192951,"date":"2025-06-15T19:51:09","date_gmt":"2025-06-15T19:51:09","guid":{"rendered":"https:\/\/www.europesays.com\/de\/192951\/"},"modified":"2025-06-15T19:51:09","modified_gmt":"2025-06-15T19:51:09","slug":"mehr-als-1000-besucher-feierten-am-wochenende-den-ronsdorfer-liefersack","status":"publish","type":"post","link":"https:\/\/www.europesays.com\/de\/192951\/","title":{"rendered":"Mehr als 1000 Besucher feierten am Wochenende den Ronsdorfer Liefersack"},"content":{"rendered":"<p class=\"text_ohne_einzug richtext text-em-55 !leading-serif mx-6 desktop:mx-0\">Es ist zw\u00f6lf Uhr mittags, als die Glocken der Kirche durch den Ort hallen und die hei\u00dfe Junisonne den Bandwirkerplatz erhellt. Christel Auer, Vorsitzende des Ronsdorfer Heimat- und B\u00fcrgervereins steht auf der kleinen B\u00fchne, hebt das Mikrofon und er\u00f6ffnet das, was viele in Ronsdorf schon Wochen vorher im Kalender rot angestrichen hatten: \u201eWir haben 12 Uhr, die Glocken l\u00e4uten und der Liefersack heute ist er\u00f6ffnet.\u201c<\/p>\n","protected":false},"excerpt":{"rendered":"Es ist zw\u00f6lf Uhr mittags, als die Glocken der Kirche durch den Ort hallen und die hei\u00dfe Junisonne&hellip;\n","protected":false},"author":2,"featured_media":192952,"comment_status":"","ping_status":"","sticky":false,"template":"","format":"standard","meta":{"footnotes":""},"categories":[1840],"tags":[63805,6329,63811,63809,63808,63810,3364,29,30,14532,63807,1209,14815,18349,63806,11291,7195,4418],"class_list":{"0":"post-192951","1":"post","2":"type-post","3":"status-publish","4":"format-standard","5":"has-post-thumbnail","7":"category-wuppertal","8":"tag-auer","9":"tag-band","10":"tag-bandwirker","11":"tag-bandwirkerplatz","12":"tag-berges","13":"tag-christel","14":"tag-de","15":"tag-deutschland","16":"tag-germany","17":"tag-glocken","18":"tag-liefersack","19":"tag-nordrhein-westfalen","20":"tag-regenschauer","21":"tag-ronsdorf","22":"tag-ronsdorfer","23":"tag-station","24":"tag-vereine","25":"tag-wuppertal"},"share_on_mastodon":{"url":"https:\/\/pubeurope.com\/@de\/114689126129868815","error":""},"_links":{"self":[{"href":"https:\/\/www.europesays.com\/de\/wp-json\/wp\/v2\/posts\/192951","targetHints":{"allow":["GET"]}}],"collection":[{"href":"https:\/\/www.europesays.com\/de\/wp-json\/wp\/v2\/posts"}],"about":[{"href":"https:\/\/www.europesays.com\/de\/wp-json\/wp\/v2\/types\/post"}],"author":[{"embeddable":true,"href":"https:\/\/www.europesays.com\/de\/wp-json\/wp\/v2\/users\/2"}],"replies":[{"embeddable":true,"href":"https:\/\/www.europesays.com\/de\/wp-json\/wp\/v2\/comments?post=192951"}],"version-history":[{"count":0,"href":"https:\/\/www.europesays.com\/de\/wp-json\/wp\/v2\/posts\/192951\/revisions"}],"wp:featuredmedia":[{"embeddable":true,"href":"https:\/\/www.europesays.com\/de\/wp-json\/wp\/v2\/media\/192952"}],"wp:attachment":[{"href":"https:\/\/www.europesays.com\/de\/wp-json\/wp\/v2\/media?parent=192951"}],"wp:term":[{"taxonomy":"category","embeddable":true,"href":"https:\/\/www.europesays.com\/de\/wp-json\/wp\/v2\/categories?post=192951"},{"taxonomy":"post_tag","embeddable":true,"href":"https:\/\/www.europesays.com\/de\/wp-json\/wp\/v2\/tags?post=192951"}],"curies":[{"name":"wp","href":"https:\/\/api.w.org\/{rel}","templated":true}]}}