{"id":193105,"date":"2025-06-15T21:15:09","date_gmt":"2025-06-15T21:15:09","guid":{"rendered":"https:\/\/www.europesays.com\/de\/193105\/"},"modified":"2025-06-15T21:15:09","modified_gmt":"2025-06-15T21:15:09","slug":"medwedew-und-die-stinkenden-mast-eber-russland","status":"publish","type":"post","link":"https:\/\/www.europesays.com\/de\/193105\/","title":{"rendered":"Medwedew und die stinkenden Mast-Eber &#8211; Russland"},"content":{"rendered":"<p class=\"rhp-dpa-teaser\"><b>Einst war er ein liberaler Intellektueller. Aber  jetzt ist Dmitrij Medwedew Telegram-Blogger und Turbo-Schm\u00e4her aller Gegners Russlands.<\/b><\/p>\n<p>Manchmal klingt es, als versuche sich ein dreizehnj\u00e4hriger Knabe aus gutem Haus an seinen ersten Fl\u00fcchen. \u201eDie pedikul\u00f6sen Schweine, die verd\u00e4chtige Servietten und L\u00f6ffelchen <\/p>\n<p class=\"\">Bitte loggen Sie sich ein um den Artikel im Klartext zu sehen.<\/p>\n<p class=\"\">im ugZ krtevcense, rnznegu lgise vro ngul;enuqVg&amp;&amp;rued;ml.o Aerb imt su;ll&amp;iuekdpmneo do(re zfsita)eenvllru ewhneicnS dins Eaelnumm rcona,M chrrFdiie eMrz nud eiKr earmSrt inmteeg. ndU sdsa ied reid im ugZ anch wiKe akioKn neutpgcsfh hnaeb lmontn;&amp;ukn,e trlntestelu nike yamnorne pPd,-aagtronao<\/p>\n","protected":false},"excerpt":{"rendered":"Einst war er ein liberaler Intellektueller. Aber jetzt ist Dmitrij Medwedew Telegram-Blogger und Turbo-Schm\u00e4her aller Gegners Russlands. Manchmal&hellip;\n","protected":false},"author":2,"featured_media":193106,"comment_status":"","ping_status":"","sticky":false,"template":"","format":"standard","meta":{"footnotes":""},"categories":[4013],"tags":[331,332,63859,63858,1356,663,775,13,5554,5793,1346,14,15,16,4043,4044,850,307,12,306],"class_list":{"0":"post-193105","1":"post","2":"type-post","3":"status-publish","4":"format-standard","5":"has-post-thumbnail","7":"category-russland","8":"tag-aktuelle-nachrichten","9":"tag-aktuelle-news","10":"tag-dmitrij-anatoljewitsch-medwedew","11":"tag-dmitrij-medwedew","12":"tag-emmanuel-macron","13":"tag-europa","14":"tag-friedrich-merz","15":"tag-headlines","16":"tag-keir-starmer","17":"tag-kiew","18":"tag-kokain","19":"tag-nachrichten","20":"tag-news","21":"tag-politik","22":"tag-russia","23":"tag-russian-federation","24":"tag-russische-foederation","25":"tag-russland","26":"tag-schlagzeilen","27":"tag-wladimir-putin"},"share_on_mastodon":{"url":"https:\/\/pubeurope.com\/@de\/114689456714474491","error":""},"_links":{"self":[{"href":"https:\/\/www.europesays.com\/de\/wp-json\/wp\/v2\/posts\/193105","targetHints":{"allow":["GET"]}}],"collection":[{"href":"https:\/\/www.europesays.com\/de\/wp-json\/wp\/v2\/posts"}],"about":[{"href":"https:\/\/www.europesays.com\/de\/wp-json\/wp\/v2\/types\/post"}],"author":[{"embeddable":true,"href":"https:\/\/www.europesays.com\/de\/wp-json\/wp\/v2\/users\/2"}],"replies":[{"embeddable":true,"href":"https:\/\/www.europesays.com\/de\/wp-json\/wp\/v2\/comments?post=193105"}],"version-history":[{"count":0,"href":"https:\/\/www.europesays.com\/de\/wp-json\/wp\/v2\/posts\/193105\/revisions"}],"wp:featuredmedia":[{"embeddable":true,"href":"https:\/\/www.europesays.com\/de\/wp-json\/wp\/v2\/media\/193106"}],"wp:attachment":[{"href":"https:\/\/www.europesays.com\/de\/wp-json\/wp\/v2\/media?parent=193105"}],"wp:term":[{"taxonomy":"category","embeddable":true,"href":"https:\/\/www.europesays.com\/de\/wp-json\/wp\/v2\/categories?post=193105"},{"taxonomy":"post_tag","embeddable":true,"href":"https:\/\/www.europesays.com\/de\/wp-json\/wp\/v2\/tags?post=193105"}],"curies":[{"name":"wp","href":"https:\/\/api.w.org\/{rel}","templated":true}]}}