{"id":193127,"date":"2025-06-15T21:32:12","date_gmt":"2025-06-15T21:32:12","guid":{"rendered":"https:\/\/www.europesays.com\/de\/193127\/"},"modified":"2025-06-15T21:32:12","modified_gmt":"2025-06-15T21:32:12","slug":"fw-ob-brand-auf-der-duisburger-strasse-gartenlaube-und-mehrere-garagen-betroffen","status":"publish","type":"post","link":"https:\/\/www.europesays.com\/de\/193127\/","title":{"rendered":"FW-OB: Brand auf der Duisburger Stra\u00dfe &#8211; Gartenlaube und mehrere Garagen betroffen"},"content":{"rendered":"<p class=\"date\">15.06.2025 \u2013 22:14<\/p>\n<p class=\"customer\">\n                        <a class=\"story-customer\" title=\"weiter zum newsroom von Feuerwehr Oberhausen\" href=\"https:\/\/www.presseportal.de\/blaulicht\/nr\/115881\" rel=\"nofollow noopener\" target=\"_blank\">Feuerwehr Oberhausen<\/a>\n                    <\/p>\n<p><a class=\"glightbox event-trigger\" href=\"https:\/\/cache.pressmailing.net\/thumbnail\/story_hires\/073860ad-367c-4557-86b8-c22851aed11d\/Garagenbrand1.jpg.jpg\" data-description=\"Bild zur freien Verf\u00fcgung.\" data-category=\"medialightbox\" data-action=\"click\" data-label=\"single\" data-value=\"684f29c4270000fd2cb6e2da\" rel=\"nofollow noopener\" target=\"_blank\"><img decoding=\"async\" height=\"540\" with=\"720\" src=\"https:\/\/www.europesays.com\/de\/wp-content\/uploads\/2025\/06\/fw-ob-brand-auf-der-duisburger-stra-e-gartenlaube-und-mehrere-garagen-betroffen.jpeg\"   alt=\"FW-OB: Brand auf der Duisburger Stra\u00dfe - Gartenlaube und mehrere Garagen betroffen\" class=\"single\"\/><\/a><\/p>\n<p><a data-category=\"citylink-story-view\" data-action=\"click\" data-label=\"Citylink in Meldungsansicht\" class=\"story-city event-trigger\" href=\"https:\/\/www.presseportal.de\/regional\/Oberhausen\" title=\"News aus Oberhausen \" rel=\"nofollow noopener\" target=\"_blank\">Oberhausen<\/a> (ots)<\/p>\n<p>Am heutigen Sonntagabend meldeten um 20:19 Uhr mehrere Anrufer eine starke Rauchentwicklung im Bereich der Duisburger Stra\u00dfe. Die Leitstelle alarmierte daraufhin umgehend den zust\u00e4ndigen L\u00f6schzug der Feuer- und Rettungswache 1. Bereits auf der Anfahrt konnten die Einsatzkr\u00e4fte die gemeldete Rauchentwicklung best\u00e4tigten, woraufhin weitere Kr\u00e4fte nachalarmiert wurden.<\/p>\n<p>Aus bislang ungekl\u00e4rter Ursache geriet eine Gartenlaube in Brand. Das Feuer breitete sich rasch auf angrenzende Vegetation sowie auf die Flachd\u00e4cher mehrerer angrenzender Fertiggaragen aus. Aufgrund der intensiven Rauchentwicklung wurden auch benachbarte Wohngeb\u00e4ude beeintr\u00e4chtigt. Die Polizei veranlasste vorsorglich deren Evakuierung.<\/p>\n<p>Der Brand konnte mithilfe mehrerer C-Rohre unter Kontrolle gebracht und gel\u00f6scht werden. Im Anschluss wurde das Brandgut mit L\u00f6schschaum abgedeckt.<\/p>\n<p>Die Feuerwehr Oberhausen war mehrere Stunden mit einem L\u00f6schzug im Einsatz. Die Freiwillige Feuerwehr unterst\u00fctzte sowohl bei den L\u00f6schma\u00dfnahmen vor Ort als auch bei der Sicherstellung des Grundschutzes im Stadtgebiet.<\/p>\n<p>Zur Brandursache hat die Polizei die Ermittlungen aufgenommen.<\/p>\n<p class=\"contact-headline\">R\u00fcckfragen bitte an:<\/p>\n<p class=\"contact-text\">Feuerwehr Oberhausen<br \/>Telefon: 0208 8585-1<br \/>E-Mail: <a href=\"https:\/\/www.presseportal.de\/blaulicht\/pm\/115881\/mailto: feuerwehrleitstelle@oberhausen.de\" class=\"uri-mailto\" rel=\"nofollow noopener\" target=\"_blank\"> feuerwehrleitstelle@oberhausen.de<\/a><\/p>\n<p class=\"originator\">Original-Content von: Feuerwehr Oberhausen, \u00fcbermittelt durch news aktuell<\/p>\n","protected":false},"excerpt":{"rendered":"15.06.2025 \u2013 22:14 Feuerwehr Oberhausen Oberhausen (ots) Am heutigen Sonntagabend meldeten um 20:19 Uhr mehrere Anrufer eine starke&hellip;\n","protected":false},"author":2,"featured_media":193128,"comment_status":"","ping_status":"","sticky":false,"template":"","format":"standard","meta":{"footnotes":""},"categories":[1838],"tags":[2919,3364,29,3715,985,30,1209,176,178,180,179,181],"class_list":{"0":"post-193127","1":"post","2":"type-post","3":"status-publish","4":"format-standard","5":"has-post-thumbnail","7":"category-duisburg","8":"tag-brand","9":"tag-de","10":"tag-deutschland","11":"tag-duisburg","12":"tag-feuerwehr","13":"tag-germany","14":"tag-nordrhein-westfalen","15":"tag-nrw","16":"tag-presse","17":"tag-pressemeldung","18":"tag-pressemitteilung","19":"tag-pressemitteilungen"},"share_on_mastodon":{"url":"https:\/\/pubeurope.com\/@de\/114689523461603889","error":""},"_links":{"self":[{"href":"https:\/\/www.europesays.com\/de\/wp-json\/wp\/v2\/posts\/193127","targetHints":{"allow":["GET"]}}],"collection":[{"href":"https:\/\/www.europesays.com\/de\/wp-json\/wp\/v2\/posts"}],"about":[{"href":"https:\/\/www.europesays.com\/de\/wp-json\/wp\/v2\/types\/post"}],"author":[{"embeddable":true,"href":"https:\/\/www.europesays.com\/de\/wp-json\/wp\/v2\/users\/2"}],"replies":[{"embeddable":true,"href":"https:\/\/www.europesays.com\/de\/wp-json\/wp\/v2\/comments?post=193127"}],"version-history":[{"count":0,"href":"https:\/\/www.europesays.com\/de\/wp-json\/wp\/v2\/posts\/193127\/revisions"}],"wp:featuredmedia":[{"embeddable":true,"href":"https:\/\/www.europesays.com\/de\/wp-json\/wp\/v2\/media\/193128"}],"wp:attachment":[{"href":"https:\/\/www.europesays.com\/de\/wp-json\/wp\/v2\/media?parent=193127"}],"wp:term":[{"taxonomy":"category","embeddable":true,"href":"https:\/\/www.europesays.com\/de\/wp-json\/wp\/v2\/categories?post=193127"},{"taxonomy":"post_tag","embeddable":true,"href":"https:\/\/www.europesays.com\/de\/wp-json\/wp\/v2\/tags?post=193127"}],"curies":[{"name":"wp","href":"https:\/\/api.w.org\/{rel}","templated":true}]}}