{"id":193173,"date":"2025-06-15T21:59:14","date_gmt":"2025-06-15T21:59:14","guid":{"rendered":"https:\/\/www.europesays.com\/de\/193173\/"},"modified":"2025-06-15T21:59:14","modified_gmt":"2025-06-15T21:59:14","slug":"hamburg-grosser-nahverkehrskongress-in-hamburg-gestartet","status":"publish","type":"post","link":"https:\/\/www.europesays.com\/de\/193173\/","title":{"rendered":"Hamburg: Gro\u00dfer Nahverkehrskongress in Hamburg gestartet"},"content":{"rendered":"<p class=\"metatextline\">Stand: 15.06.2025 18:36 Uhr<\/p>\n<p class=\"textabsatz columns twelve  m-ten  m-offset-one l-eight l-offset-two\">\n        <strong><strong>In den Messehallen hat am Sonntag der Nahverkehrskongress UITP Summit 2025 begonnen.\u00a0Bis Mittwoch werden mehr als 10.000 Fachbesucherinnen und -besucher erwartet.<\/strong><\/strong>\n    <\/p>\n<p class=\"textabsatz m-ten m-offset-one l-eight l-offset-two columns twelve\">\nWie wird sich der \u00f6ffentliche Nahverkehr entwickeln? Und wie k\u00f6nnten St\u00e4dte in Zukunft staufreier werden? Mit diesen Fragen besch\u00e4ftigen sich seit Sonntag Fachbesucherinnen und -besucher aus aller Welt. Der Weltkongress des \u00f6ffentlichen Nahverkehrs, kurz UITP, gilt als richtungsweisend in der Branche.\u00a0UITP ist die Abk\u00fcrzung f\u00fcr die franz\u00f6sische Bezeichnung Union Internationale des Transports Publics.<\/p>\n<p>    400 Ausstellerinnen und Aussteller<\/p>\n<p class=\"textabsatz m-ten m-offset-one l-eight l-offset-two columns twelve\">\nRund 400 Ausstellerinnen und Aussteller pr\u00e4sentieren ihre Verkehrsprodukte in den Messehallen. Ein zentrales Thema ist das autonome Fahren. VW will beispielsweise am Dienstag zusammen mit dem Sammeltaxianbieter Moia seinen vollautonomen ID.Buzz der Welt\u00f6ffentlichkeit vorstellen.<\/p>\n<p>    HVV zeigt Haltestelle der Zukunft<\/p>\n<p class=\"textabsatz m-ten m-offset-one l-eight l-offset-two columns twelve\">\nHamburg will beim eigenen Nahverkehr als Vorbild vorangehen. So pr\u00e4sentiert der Hamburger Verkehrsverbund (HVV) zum Beispiel seine Haltestelle der Zukunft. Im Zentrum steht dabei ein KI-gest\u00fctzter Avatar, der als Reiseassistent fungiert und durch ein menschliches Antlitz eine m\u00f6glichst echte, barrierefreie Interaktion erm\u00f6glichen soll.<\/p>\n<p class=\"textabsatz m-ten m-offset-one l-eight l-offset-two columns twelve\"><strong>Dieses Thema im Programm:<\/strong><br \/>NDR 90,3 | NDR 90,3 Aktuell | 15.06.2025 | 17:00 Uhr<\/p>\n<p>                                        <a class=\"backlink__link\" href=\"https:\/\/www.ndr.de\/nachrichten\/hamburg\/Grosser-Nahverkehrskongress-in-Hamburg-gestartet,uitp102.html\" target=\"_blank\" rel=\"noopener\"><\/p>\n<p>                                                <img decoding=\"async\" src=\"https:\/\/images.tagesschau.de\/image\/ca2f654f-8e2c-4fe0-b8ff-6dfa1edc3bd7\/AAABlap_iCs\/AAABkZLrr6A\/original\/lra-ndr-logo-100.svg\" alt=\"Norddeutscher Rundfunk\"\/><\/p>\n<p>                                        <\/a><\/p>\n","protected":false},"excerpt":{"rendered":"Stand: 15.06.2025 18:36 Uhr In den Messehallen hat am Sonntag der Nahverkehrskongress UITP Summit 2025 begonnen.\u00a0Bis Mittwoch werden&hellip;\n","protected":false},"author":2,"featured_media":193174,"comment_status":"","ping_status":"","sticky":false,"template":"","format":"standard","meta":{"footnotes":""},"categories":[1826],"tags":[29,30,692,438],"class_list":{"0":"post-193173","1":"post","2":"type-post","3":"status-publish","4":"format-standard","5":"has-post-thumbnail","7":"category-hamburg","8":"tag-deutschland","9":"tag-germany","10":"tag-hamburg","11":"tag-ndr"},"share_on_mastodon":{"url":"https:\/\/pubeurope.com\/@de\/114689629489455433","error":""},"_links":{"self":[{"href":"https:\/\/www.europesays.com\/de\/wp-json\/wp\/v2\/posts\/193173","targetHints":{"allow":["GET"]}}],"collection":[{"href":"https:\/\/www.europesays.com\/de\/wp-json\/wp\/v2\/posts"}],"about":[{"href":"https:\/\/www.europesays.com\/de\/wp-json\/wp\/v2\/types\/post"}],"author":[{"embeddable":true,"href":"https:\/\/www.europesays.com\/de\/wp-json\/wp\/v2\/users\/2"}],"replies":[{"embeddable":true,"href":"https:\/\/www.europesays.com\/de\/wp-json\/wp\/v2\/comments?post=193173"}],"version-history":[{"count":0,"href":"https:\/\/www.europesays.com\/de\/wp-json\/wp\/v2\/posts\/193173\/revisions"}],"wp:featuredmedia":[{"embeddable":true,"href":"https:\/\/www.europesays.com\/de\/wp-json\/wp\/v2\/media\/193174"}],"wp:attachment":[{"href":"https:\/\/www.europesays.com\/de\/wp-json\/wp\/v2\/media?parent=193173"}],"wp:term":[{"taxonomy":"category","embeddable":true,"href":"https:\/\/www.europesays.com\/de\/wp-json\/wp\/v2\/categories?post=193173"},{"taxonomy":"post_tag","embeddable":true,"href":"https:\/\/www.europesays.com\/de\/wp-json\/wp\/v2\/tags?post=193173"}],"curies":[{"name":"wp","href":"https:\/\/api.w.org\/{rel}","templated":true}]}}