{"id":193185,"date":"2025-06-15T22:05:18","date_gmt":"2025-06-15T22:05:18","guid":{"rendered":"https:\/\/www.europesays.com\/de\/193185\/"},"modified":"2025-06-15T22:05:18","modified_gmt":"2025-06-15T22:05:18","slug":"berlin-fremdenfeindlicher-angriff-in-marzahn","status":"publish","type":"post","link":"https:\/\/www.europesays.com\/de\/193185\/","title":{"rendered":"Berlin: Fremdenfeindlicher Angriff in Marzahn"},"content":{"rendered":"<p>Staatsschutz ermittelt <\/p>\n<p>Bespuckt und geschlagen: Rassistischer Angriff auf Frau<\/p>\n<p>15.06.2025 &#8211; 20:09 UhrLesedauer: 1 Min.<\/p>\n<p><a href=\"#focus-0\" class=\"transition-colors duration-200 focus-within:text-magenta block text-current relative\" data-sctrack=\"FocusGalleryImage.Reference\"><img fetchpriority=\"high\" data-testid=\"Opener.Image\" style=\"--lqipURL:url('https:\/\/images.t-online.de\/2025\/06\/As69tuBmpPNk\/0x209:4000x2250\/fit-in\/150x0\/filters:blur(25)\/berlin-deutschland-01-052025-kreuzberg-polizei-im-einsatz-berlin-germany-01-05-2025-kreuzberg-police-on-duty-copyright-xdtsxnachrichtenagenturx-dts-65399.jpg')\"   loading=\"eager\" src=\"https:\/\/www.europesays.com\/de\/wp-content\/uploads\/2025\/06\/berlin-deutschland-01-052025-kreuzberg-polizei-im-einsatz-berlin-germany-01-05-2025-kreuzberg-police.jpeg\" alt=\"imago images 0816486761\" title=\"imago images 0816486761\" width=\"4000\" height=\"2250\" class=\"bg-[url:var(--lqipURL)] bg-cover bg-center flex w-full max-w-full h-full\" decoding=\"async\"\/><img style=\"--width:32;--height:32\" loading=\"lazy\" src=\"https:\/\/www.t-online.de\/s\/paper\/_next\/static\/media\/zoom-in.f7dae02f.svg\" alt=\"Vergr\u00f6\u00dfern des Bildes\" title=\"Vergr\u00f6\u00dfern des Bildes\" class=\"&#10;        block&#10;        h-[calc(var(--height)_\/_16_*_1rem)]&#10;        w-[calc(var(--width)_\/_16_*_1rem)]&#10;        max-w-none&#10;        absolute bottom-8 right-8 rounded-4 bg-snow p-8\" decoding=\"async\"\/><\/a><\/p>\n<p>Polizei im Einsatz (Symbolbild): In Marzahn soll es zu einem rassistischen \u00dcbergriff gekommen sein. (Quelle: IMAGO\/dts Nachrichtenagentur\/imago)<\/p>\n<p class=\"font-bold text-18 leading-17\">Eine Frau mit Hidschab wurde im Berliner Stadtteil Marzahn nach Angaben der Polizei Opfer eines rassistischen \u00dcbergriffs.<\/p>\n<p class=\"text-18 leading-17\">Die T\u00e4terin beschimpfte am Samstagnachmittag zun\u00e4chst eine 24-j\u00e4hrige Hidschab-Tr\u00e4gerin rassistisch, die mit einer 22-j\u00e4hrigen Bekannten und einem 27-j\u00e4hrigen Mann in der Mehrower Allee unterwegs war. Das teilte die Berliner Polizei mit.<\/p>\n<p class=\"text-18 leading-17\">Aus der verbalen Attacke entwickelte sich demnach ein Streit, bei dem die Angreiferin der 24-J\u00e4hrigen ins Gesicht spuckte und ihr mit einem Schuh ins Gesicht schlug. Als das Opfer versuchte, den Vorfall mit dem Handy zu filmen, soll die Unbekannte ihr die Tasche entrissen haben und sie mehrmals zu Boden geworfen haben.<\/p>\n<p class=\"text-18 leading-17\">Die 22-j\u00e4hrige Begleiterin und der 27-j\u00e4hrige Mann sollen versucht haben, zu schlichten. Allerdings vergeblich. Stattdessen beleidigte die T\u00e4terin auch die j\u00fcngere Frau und versuchte laut Polizei, sie ebenfalls mit dem Schuh zu schlagen. Diese konnte dem Angriff jedoch ausweichen.<\/p>\n<p class=\"text-18 leading-17\">Nach der Attacke fl\u00fcchtete die Angreiferin in unbekannte Richtung, teilt die Polizei mit. Die 24-J\u00e4hrige erlitt leichte Verletzungen im Gesicht, ben\u00f6tigte jedoch keine medizinische Behandlung, hei\u00dft es. Der polizeiliche Staatsschutz \u00fcbernahm die Ermittlungen.<\/p>\n","protected":false},"excerpt":{"rendered":"Staatsschutz ermittelt Bespuckt und geschlagen: Rassistischer Angriff auf Frau 15.06.2025 &#8211; 20:09 UhrLesedauer: 1 Min. Polizei im Einsatz&hellip;\n","protected":false},"author":2,"featured_media":193186,"comment_status":"","ping_status":"","sticky":false,"template":"","format":"standard","meta":{"footnotes":""},"categories":[1825],"tags":[722,296,29,30,12570,121,6053,10325],"class_list":{"0":"post-193185","1":"post","2":"type-post","3":"status-publish","4":"format-standard","5":"has-post-thumbnail","7":"category-berlin","8":"tag-722","9":"tag-berlin","10":"tag-deutschland","11":"tag-germany","12":"tag-marzahn","13":"tag-polizei","14":"tag-stadtteil","15":"tag-uebergriff"},"share_on_mastodon":{"url":"https:\/\/pubeurope.com\/@de\/114689653147923533","error":""},"_links":{"self":[{"href":"https:\/\/www.europesays.com\/de\/wp-json\/wp\/v2\/posts\/193185","targetHints":{"allow":["GET"]}}],"collection":[{"href":"https:\/\/www.europesays.com\/de\/wp-json\/wp\/v2\/posts"}],"about":[{"href":"https:\/\/www.europesays.com\/de\/wp-json\/wp\/v2\/types\/post"}],"author":[{"embeddable":true,"href":"https:\/\/www.europesays.com\/de\/wp-json\/wp\/v2\/users\/2"}],"replies":[{"embeddable":true,"href":"https:\/\/www.europesays.com\/de\/wp-json\/wp\/v2\/comments?post=193185"}],"version-history":[{"count":0,"href":"https:\/\/www.europesays.com\/de\/wp-json\/wp\/v2\/posts\/193185\/revisions"}],"wp:featuredmedia":[{"embeddable":true,"href":"https:\/\/www.europesays.com\/de\/wp-json\/wp\/v2\/media\/193186"}],"wp:attachment":[{"href":"https:\/\/www.europesays.com\/de\/wp-json\/wp\/v2\/media?parent=193185"}],"wp:term":[{"taxonomy":"category","embeddable":true,"href":"https:\/\/www.europesays.com\/de\/wp-json\/wp\/v2\/categories?post=193185"},{"taxonomy":"post_tag","embeddable":true,"href":"https:\/\/www.europesays.com\/de\/wp-json\/wp\/v2\/tags?post=193185"}],"curies":[{"name":"wp","href":"https:\/\/api.w.org\/{rel}","templated":true}]}}