{"id":193375,"date":"2025-06-15T23:50:14","date_gmt":"2025-06-15T23:50:14","guid":{"rendered":"https:\/\/www.europesays.com\/de\/193375\/"},"modified":"2025-06-15T23:50:14","modified_gmt":"2025-06-15T23:50:14","slug":"von-judas-zu-jubel-cat-power-singt-umstrittenes-dylan-konzert-im-basf-feierabendhaus-ludwigshafen","status":"publish","type":"post","link":"https:\/\/www.europesays.com\/de\/193375\/","title":{"rendered":"Von Judas zu Jubel: Cat Power singt umstrittenes Dylan-Konzert im BASF-Feierabendhaus &#8211; Ludwigshafen"},"content":{"rendered":"<p class=\"rhp-dpa-teaser\"><b>US-S\u00e4ngerin Cat Power inszeniert  das legend\u00e4re Bob-Dylan-Konzert von 1966. Damals provozierte der Folk-Musiker w\u00fctende Zwischenrufe. Warum verlief das Revival anders?<\/b><\/p>\n<p>Die Messlatte liegt hoch, wenn ein K\u00fcnstler nicht nur ein paar Songs eines Weltstars spielt, sondern sich gleich ein ganzes Konzert vornimmt. Im Fall von Cat Power, 1973 als Charlyn <\/p>\n<p class=\"\">Bitte loggen Sie sich ein um den Artikel im Klartext zu sehen.<\/p>\n<p class=\"\">Maeri lrlaahsM in Atatnla gn,ebeor tigb se gsora einne thMniLsetiicvt- uz med ernsnebode itftutrA Bbo nylsaD 1.696 sE derwu 23 hareJ &amp;lusra;mept nutre edm ;&amp;dsnha lreuf&amp;euern;dnmrhi da;sn&amp;h ilteT oqdTb;&amp;heu ogBltoe esSrie uoVmle 4 heT olayR elrbtA Hlla ;&amp;lCqtondecruo omlrt&amp;n.;eifte<\/p>\n","protected":false},"excerpt":{"rendered":"US-S\u00e4ngerin Cat Power inszeniert das legend\u00e4re Bob-Dylan-Konzert von 1966. Damals provozierte der Folk-Musiker w\u00fctende Zwischenrufe. Warum verlief das&hellip;\n","protected":false},"author":2,"featured_media":193376,"comment_status":"","ping_status":"","sticky":false,"template":"","format":"standard","meta":{"footnotes":"","_share_on_mastodon":"0"},"categories":[1845],"tags":[61049,1634,3948,43740,63944,63946,3364,29,548,663,3934,30,13,80,4060,25476,28315,2096,14,15,63945,63947,12],"class_list":["post-193375","post","type-post","status-publish","format-standard","has-post-thumbnail","category-mannheim","tag-atlanta","tag-baden-wuerttemberg","tag-basf","tag-bob-dylan","tag-cat-power","tag-charlyn-marie-marshall","tag-de","tag-deutschland","tag-eu","tag-europa","tag-europe","tag-germany","tag-headlines","tag-kultur","tag-lokal","tag-ludwigshafen","tag-manchester","tag-mannheim","tag-nachrichten","tag-news","tag-rolling-stone","tag-royal-albert-hall","tag-schlagzeilen"],"share_on_mastodon":{"url":"https:\/\/pubeurope.com\/@de\/114690065905452051","error":""},"_links":{"self":[{"href":"https:\/\/www.europesays.com\/de\/wp-json\/wp\/v2\/posts\/193375","targetHints":{"allow":["GET"]}}],"collection":[{"href":"https:\/\/www.europesays.com\/de\/wp-json\/wp\/v2\/posts"}],"about":[{"href":"https:\/\/www.europesays.com\/de\/wp-json\/wp\/v2\/types\/post"}],"author":[{"embeddable":true,"href":"https:\/\/www.europesays.com\/de\/wp-json\/wp\/v2\/users\/2"}],"replies":[{"embeddable":true,"href":"https:\/\/www.europesays.com\/de\/wp-json\/wp\/v2\/comments?post=193375"}],"version-history":[{"count":0,"href":"https:\/\/www.europesays.com\/de\/wp-json\/wp\/v2\/posts\/193375\/revisions"}],"wp:featuredmedia":[{"embeddable":true,"href":"https:\/\/www.europesays.com\/de\/wp-json\/wp\/v2\/media\/193376"}],"wp:attachment":[{"href":"https:\/\/www.europesays.com\/de\/wp-json\/wp\/v2\/media?parent=193375"}],"wp:term":[{"taxonomy":"category","embeddable":true,"href":"https:\/\/www.europesays.com\/de\/wp-json\/wp\/v2\/categories?post=193375"},{"taxonomy":"post_tag","embeddable":true,"href":"https:\/\/www.europesays.com\/de\/wp-json\/wp\/v2\/tags?post=193375"}],"curies":[{"name":"wp","href":"https:\/\/api.w.org\/{rel}","templated":true}]}}