{"id":193509,"date":"2025-06-16T01:09:33","date_gmt":"2025-06-16T01:09:33","guid":{"rendered":"https:\/\/www.europesays.com\/de\/193509\/"},"modified":"2025-06-16T01:09:33","modified_gmt":"2025-06-16T01:09:33","slug":"wdr-sport-islacker-verstaerkt-schalke-frauen-aber-nicht-auf-dem-platz","status":"publish","type":"post","link":"https:\/\/www.europesays.com\/de\/193509\/","title":{"rendered":"WDR-Sport: Islacker verst\u00e4rkt Schalke-Frauen, aber nicht auf dem Platz"},"content":{"rendered":"<p class=\"metatextline\">Stand: 13.06.2025 17:30 Uhr<\/p>\n<p class=\"textabsatz columns twelve  m-ten  m-offset-one l-eight l-offset-two\">\n        <strong>Prominenter Neuzugang f\u00fcr Schalkes Fu\u00dfballerinnen: Mandy Islacker unterst\u00fctzt den S04 ab 1. Juli im administrativen Bereich.<\/strong>\n    <\/p>\n<p class=\"textabsatz m-ten m-offset-one l-eight l-offset-two columns twelve\">\nDort soll sie k\u00fcnftig bei der Weiterentwicklung der Frauenfu\u00dfball-Abteilung helfen.Das teilte der Club am Freitag mit, ohne die Rolle der 36 Jahre alten fr\u00fcheren Nationalst\u00fcrmerin weiter zu definieren.\u00a0<\/p>\n<p class=\"textabsatz m-ten m-offset-one l-eight l-offset-two columns twelve\">\n&#8222;Mandy wird eine wertvolle Erg\u00e4nzung sein und bringt reichlich Erfahrung aus dem Profifu\u00dfball mit, die uns bislang gefehlt hat&#8220;, sagte Boris Liebing, zust\u00e4ndig f\u00fcr den <a href=\"https:\/\/www1.wdr.de\/sport\/fussball\/uebersicht-fussball-100.html\" title=\"Der Fu\u00dfball in NRW im \u00dcberblick\" class=\"textlink--extern\" target=\"_blank\" rel=\"noopener\">Fu\u00dfball<\/a> der Schalker Frauen: &#8222;Ihre Perspektive wird unsere Arbeit bereichern und neue Impulse setzen. Und wer wei\u00df &#8211; vielleicht sieht man sie ja doch noch einmal im Schalke-Trikot auf dem Platz.&#8220;<\/p>\n<p>    Islacker schoss VfB-Frauen zum Zweitliga-Aufstieg<\/p>\n<p class=\"textabsatz m-ten m-offset-one l-eight l-offset-two columns twelve\">\nF\u00fcr Olympiasiegerin Islacker, die trotz Karriereende im Sommer 2023 noch einmal f\u00fcr Viktoria K\u00f6ln spielte und zuletzt sogar den VfB Stuttgart zum Zweitliga-Aufstieg schoss, beginnt nach eigener Aussage jetzt ein neues Kapitel. &#8222;Nach all den Jahren auf dem Rasen ist es spannend, den Fu\u00dfball nun aus anderer Perspektive mitzugestalten. Ich werde die Abteilung vor allem organisatorisch begleiten und meine Erfahrungen aus dem Leistungssport einbringen, um Strukturen weiterzuentwickeln und Prozesse zu st\u00e4rken.&#8220;\u00a0<\/p>\n<ul class=\"buttongroup buttongroup--copytext\">\n<li class=\"buttongroup__item\">\n<p>    <a class=\"btn btn--text btn--standard-secondary btn--fullwidth\" href=\"https:\/\/www1.wdr.de\/sport\/fussball\/amateure\/westfalenliga-derby-bvb-schalke-frauen-100.html\" target=\"_blank\" rel=\"noopener\"><br \/>\n        Westfalenliga: BVB besiegt Schalke vor 10.000 Zuschauern<br \/>\n        Pfeil rechts<\/p>\n<p>    <\/a>\n<\/li>\n<\/ul>\n<p class=\"textabsatz m-ten m-offset-one l-eight l-offset-two columns twelve\">\nSchalkes Frauen hatten in der abgelaufenen Saison in der Westfalenliga den Aufstieg in die Regionalliga knapp verpasst. Sie belegten Rang zwei hinter Borussia Dortmund.<\/p>\n<p>                                        <a class=\"backlink__link\" href=\"https:\/\/www1.wdr.de\/sport\/fussball\/fc-schalke-frauen-islacker-100.html\" target=\"_blank\" rel=\"noopener\"><\/p>\n<p>                                                <img decoding=\"async\" src=\"https:\/\/images.sportschau.de\/image\/9ef70e2e-6dd6-4b18-afd2-7063c40e8939\/AAABlap_yqU\/AAABkZLrr6A\/original\/lra-wdr-logo-100.svg\" alt=\"Westdeutscher Rundfunk\"\/><\/p>\n<p>                                        <\/a><\/p>\n","protected":false},"excerpt":{"rendered":"Stand: 13.06.2025 17:30 Uhr Prominenter Neuzugang f\u00fcr Schalkes Fu\u00dfballerinnen: Mandy Islacker unterst\u00fctzt den S04 ab 1. Juli im&hellip;\n","protected":false},"author":2,"featured_media":193510,"comment_status":"","ping_status":"","sticky":false,"template":"","format":"standard","meta":{"footnotes":""},"categories":[1848],"tags":[3364,29,548,663,3934,3158,3236,12014,347,3658,30,13,14,15,1209,16870,12,225],"class_list":{"0":"post-193509","1":"post","2":"type-post","3":"status-publish","4":"format-standard","5":"has-post-thumbnail","7":"category-gelsenkirchen","8":"tag-de","9":"tag-deutschland","10":"tag-eu","11":"tag-europa","12":"tag-europe","13":"tag-fc-schalke-04","14":"tag-frauen","15":"tag-frauen-bundesliga","16":"tag-fussball","17":"tag-gelsenkirchen","18":"tag-germany","19":"tag-headlines","20":"tag-nachrichten","21":"tag-news","22":"tag-nordrhein-westfalen","23":"tag-schalke-04","24":"tag-schlagzeilen","25":"tag-wdr"},"share_on_mastodon":{"url":"https:\/\/pubeurope.com\/@de\/114690376591543862","error":""},"_links":{"self":[{"href":"https:\/\/www.europesays.com\/de\/wp-json\/wp\/v2\/posts\/193509","targetHints":{"allow":["GET"]}}],"collection":[{"href":"https:\/\/www.europesays.com\/de\/wp-json\/wp\/v2\/posts"}],"about":[{"href":"https:\/\/www.europesays.com\/de\/wp-json\/wp\/v2\/types\/post"}],"author":[{"embeddable":true,"href":"https:\/\/www.europesays.com\/de\/wp-json\/wp\/v2\/users\/2"}],"replies":[{"embeddable":true,"href":"https:\/\/www.europesays.com\/de\/wp-json\/wp\/v2\/comments?post=193509"}],"version-history":[{"count":0,"href":"https:\/\/www.europesays.com\/de\/wp-json\/wp\/v2\/posts\/193509\/revisions"}],"wp:featuredmedia":[{"embeddable":true,"href":"https:\/\/www.europesays.com\/de\/wp-json\/wp\/v2\/media\/193510"}],"wp:attachment":[{"href":"https:\/\/www.europesays.com\/de\/wp-json\/wp\/v2\/media?parent=193509"}],"wp:term":[{"taxonomy":"category","embeddable":true,"href":"https:\/\/www.europesays.com\/de\/wp-json\/wp\/v2\/categories?post=193509"},{"taxonomy":"post_tag","embeddable":true,"href":"https:\/\/www.europesays.com\/de\/wp-json\/wp\/v2\/tags?post=193509"}],"curies":[{"name":"wp","href":"https:\/\/api.w.org\/{rel}","templated":true}]}}