{"id":193614,"date":"2025-06-16T02:12:09","date_gmt":"2025-06-16T02:12:09","guid":{"rendered":"https:\/\/www.europesays.com\/de\/193614\/"},"modified":"2025-06-16T02:12:09","modified_gmt":"2025-06-16T02:12:09","slug":"buch-bloggerin-buecher-leben-durch-gespraeche","status":"publish","type":"post","link":"https:\/\/www.europesays.com\/de\/193614\/","title":{"rendered":"Buch-Bloggerin: \u201eB\u00fccher leben durch Gespr\u00e4che\u201c"},"content":{"rendered":"<p class=\"ar-p\"><strong>Bensheim.<\/strong> Cara Metzner (25) kommt aus <a class=\"rtr-entity\" data-rtr-entity=\"Bensheim\" data-rtr-id=\"9809b60f0ae1040c1133d4a5f9a6e9865749dfc9\" data-rtr-score=\"7.203463545785229\" data-rtr-etype=\"location\" href=\"https:\/\/www.bergstraesser-anzeiger.de\/orte\/bensheim.html\" target=\"_blank\" rel=\"noopener\">Bensheim<\/a>, lebt in Mainz, f\u00fchrt seit zehn Jahren einen Buchblog und ist damit eine echte Expertin auf diesem Gebiet. Sie interessiert sich haupts\u00e4chlich f\u00fcr queere Literatur, Detektivgeschichten und Thriller. Seit 2016 ist sie ebenso ein Teil der BAnane Jugendredaktion. Im Interview erz\u00e4hlt Cara alles von ihren Anf\u00e4ngen beim Book-Blogging, ihren pers\u00f6nlichen Beweggr\u00fcnden, einen Buchblog zu f\u00fchren, und gibt hilfreiche Tipps, wie man am besten seinen eigenen Book-Blog startet.<\/p>\n<p>AdUnit Mobile_Pos2<\/p>\n<p>AdUnit Content_1<\/p>\n<p class=\"ar-p\">Wie bist du zum Book-Blogging gekommen und was hat dich motiviert, damit anzufangen?<\/p>\n<p class=\"ar-p\">Cara Metzner: Ich habe schon immer gern mit meinen Freundinnen und Freunden \u00fcber B\u00fccher und Serien gesprochen \u2013 richtig leidenschaftlich. 2015 war ich 15 und dachte mir: Warum nicht einfach mehr Leute daran teilhaben lassen? Also habe ich spontan einen Blog und eine Instagram-Seite gestartet. Zuf\u00e4llig war das genau die Zeit, als \u201eBookstagram\u201c so richtig Fahrt aufgenommen hat \u2013 also ein perfekter Moment, um loszulegen.<\/p>\n<p>Cara ist gro\u00dfer Fan der Detektivreihe \u201eDie drei ???\u201c. \u00a9\u00a0Frederik Koch<\/p>\n<p class=\"ar-p\">Wie gehst du beim Schreiben einer Rezension vor? Hast du eine feste Struktur oder schreibst du eher intuitiv?<\/p>\n<p class=\"ar-p\">Cara: Ganz klar, intuitiv. Ich w\u00fcnschte manchmal, ich w\u00e4re da strukturierter \u2013 vor allem, weil ich beim Lesen fast nie Notizen mache. Das r\u00e4cht sich dann manchmal. Aber meistens starte ich mit einem Satz, der mein Gef\u00fchl zum Buch auf den Punkt bringt. Von da aus arbeite ich mich dann durch die Rezension und entfalte, was genau mir gefallen oder eben nicht gefallen hat.<\/p>\n<p class=\"ar-p\">Was war das letzte Buch, das dich emotional richtig mitgenommen hat \u2013 und warum?<\/p>\n<p class=\"ar-p\">Cara: Marianengraben von Jasmin Schreiber. Ich habe es zwar vor einer Weile gelesen, aber es l\u00e4sst mich nicht los. Es geht um eine junge Frau, die nach dem Tod ihres kleinen Bruders in eine Depression f\u00e4llt. Auf einem Friedhof trifft sie einen \u00e4lteren Mann, der seine Frau verloren hat \u2013 gemeinsam begeben sie sich auf eine Reise durch ihre Trauer. Das Buch ist unglaublich bewegend, ich musste zwischendurch richtig Pausen machen, weil es mich so ber\u00fchrt hat. Aber genau deshalb ist es auch so gut.<\/p>\n<p class=\"ar-p\">Wie wichtig ist dir der Austausch mit anderen Leserinnen und Lesern oder Bloggerinnen und Bloggern?<\/p>\n<p class=\"ar-p\">Cara: Der Austausch ist f\u00fcr mich eigentlich der Hauptgrund, warum ich das alles mache. B\u00fccher leben f\u00fcr mich durch Gespr\u00e4che \u2013 durch unterschiedliche Perspektiven, durch das gemeinsame Schw\u00e4rmen oder Diskutieren.<\/p>\n<p>\t\tMehr zum Thema<\/p>\n<p>LiteraturMichelle Obama k\u00fcndigt neues Buch \u00fcber Mode und Stil an<\/p>\n<dl class=\"teaser-meta\">\n<dt class=\"teaser-meta__title teaser-meta__title--published\">Ver\u00f6ffentlicht<\/dt>\n<dd class=\"teaser-meta__data teaser-meta__data--published\">05.06.2025<\/dd>\n<dt class=\"teaser-meta__title teaser-meta__title--author\">Von <\/dt>\n<dd class=\"teaser-meta__data teaser-meta__data--author\">dpa<\/dd>\n<\/dl>\n<p>InterviewBlutspendebeauftragte: \u201eKeine Angst vorm Blutspenden\u201c<\/p>\n<dl class=\"teaser-meta\">\n<dt class=\"teaser-meta__title teaser-meta__title--published\">Ver\u00f6ffentlicht<\/dt>\n<dd class=\"teaser-meta__data teaser-meta__data--published\">10.06.2025<\/dd>\n<dt class=\"teaser-meta__title teaser-meta__title--author\">Von <\/dt>\n<dd class=\"teaser-meta__data teaser-meta__data--author\">Frederik Koch<\/dd>\n<\/dl>\n<p class=\"ar-p\">Welche Tipps w\u00fcrdest du jemandem geben, der selbst einen Book-Blog starten m\u00f6chte?<\/p>\n<p class=\"ar-p\">Cara: Man sollte sich gut \u00fcberlegen, wie viel Zeit man wirklich investieren kann \u2013 und dann eine passende Plattform w\u00e4hlen. TikTok ist aktuell super gro\u00df, das sieht man zum Beispiel auch an den BookTok Awards auf der Frankfurter Buchmesse. Aber auch Instagram funktioniert noch sehr gut, vor allem wenn einem der pers\u00f6nliche Austausch wichtig ist.<\/p>\n<p class=\"ar-p\">Ich glaube allerdings, die klassische Website mit Blogartikeln hat ihre beste Zeit hinter sich \u2013 zumindest f\u00fcr neue Bloggerinnen und Blogger. Die meisten Leserinnen und Leser sind mittlerweile auf Social Media unterwegs. Und ganz wichtig: Vergleicht euch nicht zu sehr mit anderen. Nur weil jemand 20 B\u00fccher im Monat liest, hei\u00dft das nicht, dass ihr weniger \u201ewert\u201c seid als Leser oder Leserin. Ein Buchblog sollte aus Liebe zum Lesen entstehen \u2013 nicht um damit nur eine gro\u00dfe Reichweite haben zu wollen . Frederik Koch<\/p>\n","protected":false},"excerpt":{"rendered":"Bensheim. Cara Metzner (25) kommt aus Bensheim, lebt in Mainz, f\u00fchrt seit zehn Jahren einen Buchblog und ist&hellip;\n","protected":false},"author":2,"featured_media":193615,"comment_status":"","ping_status":"","sticky":false,"template":"","format":"standard","meta":{"footnotes":""},"categories":[1774],"tags":[63979,1784,1785,29,214,30,215],"class_list":{"0":"post-193614","1":"post","2":"type-post","3":"status-publish","4":"format-standard","5":"has-post-thumbnail","7":"category-buecher","8":"tag-blogger-interview-arbeit-buecher-lesen","9":"tag-books","10":"tag-buecher","11":"tag-deutschland","12":"tag-entertainment","13":"tag-germany","14":"tag-unterhaltung"},"share_on_mastodon":{"url":"https:\/\/pubeurope.com\/@de\/114690624373220267","error":""},"_links":{"self":[{"href":"https:\/\/www.europesays.com\/de\/wp-json\/wp\/v2\/posts\/193614","targetHints":{"allow":["GET"]}}],"collection":[{"href":"https:\/\/www.europesays.com\/de\/wp-json\/wp\/v2\/posts"}],"about":[{"href":"https:\/\/www.europesays.com\/de\/wp-json\/wp\/v2\/types\/post"}],"author":[{"embeddable":true,"href":"https:\/\/www.europesays.com\/de\/wp-json\/wp\/v2\/users\/2"}],"replies":[{"embeddable":true,"href":"https:\/\/www.europesays.com\/de\/wp-json\/wp\/v2\/comments?post=193614"}],"version-history":[{"count":0,"href":"https:\/\/www.europesays.com\/de\/wp-json\/wp\/v2\/posts\/193614\/revisions"}],"wp:featuredmedia":[{"embeddable":true,"href":"https:\/\/www.europesays.com\/de\/wp-json\/wp\/v2\/media\/193615"}],"wp:attachment":[{"href":"https:\/\/www.europesays.com\/de\/wp-json\/wp\/v2\/media?parent=193614"}],"wp:term":[{"taxonomy":"category","embeddable":true,"href":"https:\/\/www.europesays.com\/de\/wp-json\/wp\/v2\/categories?post=193614"},{"taxonomy":"post_tag","embeddable":true,"href":"https:\/\/www.europesays.com\/de\/wp-json\/wp\/v2\/tags?post=193614"}],"curies":[{"name":"wp","href":"https:\/\/api.w.org\/{rel}","templated":true}]}}