{"id":193911,"date":"2025-06-16T05:01:14","date_gmt":"2025-06-16T05:01:14","guid":{"rendered":"https:\/\/www.europesays.com\/de\/193911\/"},"modified":"2025-06-16T05:01:14","modified_gmt":"2025-06-16T05:01:14","slug":"samsung-setzt-neue-massstaebe-mit-seinem-kommenden-smartphone","status":"publish","type":"post","link":"https:\/\/www.europesays.com\/de\/193911\/","title":{"rendered":"Samsung setzt neue Ma\u00dfst\u00e4be mit seinem kommenden Smartphone"},"content":{"rendered":"<p>Samsung heizt die Ger\u00fcchtek\u00fcche mit einem mysteri\u00f6sen Teaser zur n\u00e4chsten Generation seiner Foldables an. So d\u00fcnn, so leicht, so \u201eUltra\u201c wie nie zuvor. Doch was steckt dahinter?<\/p>\n<p>Wenn du \u00fcber diese Links einkaufst, erhalten wir eine Provision, die unsere<br \/>\nredaktionelle Arbeit unterst\u00fctzt. Der Preis f\u00fcr dich bleibt dabei<br \/>\nunver\u00e4ndert. Diese Affiliate-Links sind durch ein  Symbol<br \/>\ngekennzeichnet. \u00a0<a class=\"alice-affiliate-info__link\" href=\"http:\/\/www.giga.de\/erloesmodelle\/\" target=\"_blank\" rel=\"nofollow noopener\">Mehr erfahren.<\/a>Ein Teaser, der mehr Fragen als Antworten liefert<\/p>\n<p>Seit der Einf\u00fchrung des ersten Galaxy Fold im Jahr 2019 verfolgt Samsung das Ziel, die Mobilit\u00e4t eines Smartphones mit der Produktivit\u00e4t eines Tablets zu verbinden. Inzwischen wurde das Konzept mehrfach \u00fcberarbeitet und <strong>der j\u00fcngste Teaser deutet auf einen neuen Meilenstein hin<\/strong>: Ein hauchd\u00fcnnes Foldable, das mutma\u00dflich das kommende <a href=\"http:\/\/www.giga.de\/tech\/samsung-baut-endlich-das-ultra-smartphone-das-sich-viele-seit-jahren-wuenschen--01JWWTYTDFJAEGS0193RTZHF4G\" rel=\"nofollow noopener\" target=\"_blank\">Galaxy Z Fold 7 repr\u00e4sentiert<\/a> (Quelle: <a href=\"https:\/\/samsungmobilepress.com\/feature-stories\/thin-light-and-built-to-last-the-new-era-of-the-galaxy-z-series\/\" rel=\"nofollow noopener\" target=\"_blank\">Samsung<\/a>).<\/p>\n<p>Thin Light and Built to Last The New Era of the Galaxy Z Series<\/p>\n<p>Samsung selbst spricht vom d\u00fcnnsten, leichtesten, haltbarsten und fortschrittlichsten Foldable, das das Unternehmen je gebaut hat. Neben einer neuen Kamera und KI-Funktionen ist von einem Design die Rede, das stark an die Galaxy-S25-Reihe erinnert. Der Satz \u201e<strong>Das Ultra-Erlebnis kann beginnen<\/strong>\u201c wirft jedoch Fragen auf: Plant Samsung tats\u00e4chlich ein Galaxy Z Fold 7 Ultra \u2013 oder ist das reines Marketing?<\/p>\n<p>Klar ist: Samsung arbeitet intensiv daran, <strong>Foldables robuster und alltagstauglicher zu machen<\/strong>. Das neue Galaxy Z Fold 7 k\u00f6nnte im aufgeklappten Zustand nur noch 4,5 Millimeter d\u00fcnn sein \u2013 fast ein Millimeter schlanker als sein Vorg\u00e4nger und damit auf Augenh\u00f6he mit Modellen wie dem Honor Magic V3.<\/p>\n<p><strong>Ein echtes Upgrade w\u00e4re vor allem bei der Kamera w\u00fcnschenswert<\/strong> \u2013 traditionell eine Schwachstelle bei Foldables. Samsung verspricht \u201eleistungsstarke Kameras\u201c, bleibt aber bislang konkrete Details schuldig.<\/p>\n<p>Ausblick: Foldable-Trio &amp; neue Galaxy Watches<\/p>\n<p>Neben dem Fold 7 k\u00f6nnten bald auch das <strong>Galaxy Z Flip 7 sowie eine g\u00fcnstigere Flip 7 FE-Variante<\/strong> vorgestellt werden. Hier m\u00fcssen Nutzer allerdings mit <a href=\"https:\/\/www.giga.de\/tech\/samsung-auf-sparkurs-bei-den-naechsten-foldables-muesst-ihr-genau-hinsehen--01JT882CXBGVMF3QKSZ42C3117\" rel=\"nofollow noopener\" target=\"_blank\">Einschnitten<\/a> leben.<\/p>\n<p>Auch im Wearable-Segment bahnt sich Neues an: Erwartet werden eine Galaxy Watch 8, eine Watch 8 Classic \u2013 und die zweite Generation der Galaxy Watch Ultra.<\/p>\n<p class=\"taboola-text\">Hat dir der Beitrag gefallen? Folge uns auf <a href=\"https:\/\/www.msn.com\/de-de\/channel\/source\/GIGA\/sr-vid-n43qdfmuhrdv0dpmn7psxpwq6x24u5xbnk7pfi2mviqeia02iuca\" rel=\"nofollow noopener\" target=\"_blank\">MSN<\/a> und <a href=\"https:\/\/news.google.com\/publications\/CAAiECDg0Zs4OqLk4X1ATMbrq5EqFAgKIhAg4NGbODqi5OF9QEzG66uR?hl=de&amp;gl=DE&amp;ceid=DE%3Ade\" target=\"_blank\" rel=\"nofollow noopener\">Google News<\/a> und verpasse keine Neuigkeit rund um Technik, Games und Entertainment.<\/p>\n","protected":false},"excerpt":{"rendered":"Samsung heizt die Ger\u00fcchtek\u00fcche mit einem mysteri\u00f6sen Teaser zur n\u00e4chsten Generation seiner Foldables an. So d\u00fcnn, so leicht,&hellip;\n","protected":false},"author":2,"featured_media":193912,"comment_status":"","ping_status":"","sticky":false,"template":"","format":"standard","meta":{"footnotes":""},"categories":[135],"tags":[29,30,190,189,194,191,193,192],"class_list":{"0":"post-193911","1":"post","2":"type-post","3":"status-publish","4":"format-standard","5":"has-post-thumbnail","7":"category-wissenschaft-technik","8":"tag-deutschland","9":"tag-germany","10":"tag-science","11":"tag-science-technology","12":"tag-technik","13":"tag-technology","14":"tag-wissenschaft","15":"tag-wissenschaft-technik"},"share_on_mastodon":{"url":"https:\/\/pubeurope.com\/@de\/114691288947287022","error":""},"_links":{"self":[{"href":"https:\/\/www.europesays.com\/de\/wp-json\/wp\/v2\/posts\/193911","targetHints":{"allow":["GET"]}}],"collection":[{"href":"https:\/\/www.europesays.com\/de\/wp-json\/wp\/v2\/posts"}],"about":[{"href":"https:\/\/www.europesays.com\/de\/wp-json\/wp\/v2\/types\/post"}],"author":[{"embeddable":true,"href":"https:\/\/www.europesays.com\/de\/wp-json\/wp\/v2\/users\/2"}],"replies":[{"embeddable":true,"href":"https:\/\/www.europesays.com\/de\/wp-json\/wp\/v2\/comments?post=193911"}],"version-history":[{"count":0,"href":"https:\/\/www.europesays.com\/de\/wp-json\/wp\/v2\/posts\/193911\/revisions"}],"wp:featuredmedia":[{"embeddable":true,"href":"https:\/\/www.europesays.com\/de\/wp-json\/wp\/v2\/media\/193912"}],"wp:attachment":[{"href":"https:\/\/www.europesays.com\/de\/wp-json\/wp\/v2\/media?parent=193911"}],"wp:term":[{"taxonomy":"category","embeddable":true,"href":"https:\/\/www.europesays.com\/de\/wp-json\/wp\/v2\/categories?post=193911"},{"taxonomy":"post_tag","embeddable":true,"href":"https:\/\/www.europesays.com\/de\/wp-json\/wp\/v2\/tags?post=193911"}],"curies":[{"name":"wp","href":"https:\/\/api.w.org\/{rel}","templated":true}]}}