{"id":193921,"date":"2025-06-16T05:06:10","date_gmt":"2025-06-16T05:06:10","guid":{"rendered":"https:\/\/www.europesays.com\/de\/193921\/"},"modified":"2025-06-16T05:06:10","modified_gmt":"2025-06-16T05:06:10","slug":"weniger-stress-auf-dem-weg-nach-wimbledon","status":"publish","type":"post","link":"https:\/\/www.europesays.com\/de\/193921\/","title":{"rendered":"&#8222;Weniger Stress&#8220; auf dem Weg nach Wimbledon"},"content":{"rendered":"<p class=\"css-1q8kfuz\">Nach den turbulenten Tagen in Paris und der dramatischen Niederlage im Finale der French Open hat Jannik Sinner mit Freunden und Familie Kraft in seiner Heimat S\u00fcdtirol gesch\u00f6pft. &#8222;Es war ganz entspannt, wir haben auch mal sch\u00f6n zusammen gegrillt. Vom Tennis habe ich nicht viel mitbekommen&#8220;, erz\u00e4hlte der Italiener vor seinem Start beim Rasenturnier in Halle.<\/p>\n<p class=\"css-1cmglxz\">Auch in Ostwestfalen erwartet den Weltranglistenersten eine beschauliche Umgebung &#8211; und die genie\u00dft er auf seinem Weg nach Wimbledon (ab 30. Juni). &#8222;Es ist einfach weniger Stress hier drumherum. Man schl\u00e4ft auf der Turnieranlage, hat ganz kurze Wege. Man atmet ein bisschen durch zwischen der Hektik in diesem Saisonabschnitt, wo ja zwei Grand Slams stattfinden&#8220;, sagte er.<\/p>\n<p class=\"css-1cmglxz\">Die Niederlage von Roland Garros, als er in einem mitrei\u00dfenden Endspiel drei Matchb\u00e4lle gegen den Spanier Carlos Alcaraz vergab, hat er nach eigener Aussage mittlerweile verarbeitet. &#8222;Ich hatte schon einige schlaflose N\u00e4chte. Das steckt man nicht ganz so einfach weg&#8220;, gab Sinner zu, &#8222;aber es ist dann auch mit jedem Tag, der verging, besser geworden.&#8220;<\/p>\n<p class=\"css-1cmglxz\">In Halle schl\u00e4gt Sinner (23) als Titelverteidiger auf. &#8222;Es ist immer eine komplizierte Phase in der Saison. Die ersten Rasenspiele sind schwierig, da muss man sehr konzentriert sein, sich gut bewegen&#8220;, sagte Sinner: &#8222;F\u00fcr mich ist wichtig, intelligent aufzuschlagen. Aber ich habe mir gerade im letzten Jahr bewiesen, dass ich ein guter Rasenspieler sein kann.&#8220;<\/p>\n","protected":false},"excerpt":{"rendered":"Nach den turbulenten Tagen in Paris und der dramatischen Niederlage im Finale der French Open hat Jannik Sinner&hellip;\n","protected":false},"author":2,"featured_media":193922,"comment_status":"","ping_status":"","sticky":false,"template":"","format":"standard","meta":{"footnotes":""},"categories":[1860],"tags":[3364,29,548,663,3934,30,4062,17332,13,14,15,17331,860,12],"class_list":{"0":"post-193921","1":"post","2":"type-post","3":"status-publish","4":"format-standard","5":"has-post-thumbnail","7":"category-halle-saale","8":"tag-de","9":"tag-deutschland","10":"tag-eu","11":"tag-europa","12":"tag-europe","13":"tag-germany","14":"tag-halle","15":"tag-halle-saale","16":"tag-headlines","17":"tag-nachrichten","18":"tag-news","19":"tag-saale","20":"tag-sachsen-anhalt","21":"tag-schlagzeilen"},"share_on_mastodon":{"url":"https:\/\/pubeurope.com\/@de\/114691308455657985","error":""},"_links":{"self":[{"href":"https:\/\/www.europesays.com\/de\/wp-json\/wp\/v2\/posts\/193921","targetHints":{"allow":["GET"]}}],"collection":[{"href":"https:\/\/www.europesays.com\/de\/wp-json\/wp\/v2\/posts"}],"about":[{"href":"https:\/\/www.europesays.com\/de\/wp-json\/wp\/v2\/types\/post"}],"author":[{"embeddable":true,"href":"https:\/\/www.europesays.com\/de\/wp-json\/wp\/v2\/users\/2"}],"replies":[{"embeddable":true,"href":"https:\/\/www.europesays.com\/de\/wp-json\/wp\/v2\/comments?post=193921"}],"version-history":[{"count":0,"href":"https:\/\/www.europesays.com\/de\/wp-json\/wp\/v2\/posts\/193921\/revisions"}],"wp:featuredmedia":[{"embeddable":true,"href":"https:\/\/www.europesays.com\/de\/wp-json\/wp\/v2\/media\/193922"}],"wp:attachment":[{"href":"https:\/\/www.europesays.com\/de\/wp-json\/wp\/v2\/media?parent=193921"}],"wp:term":[{"taxonomy":"category","embeddable":true,"href":"https:\/\/www.europesays.com\/de\/wp-json\/wp\/v2\/categories?post=193921"},{"taxonomy":"post_tag","embeddable":true,"href":"https:\/\/www.europesays.com\/de\/wp-json\/wp\/v2\/tags?post=193921"}],"curies":[{"name":"wp","href":"https:\/\/api.w.org\/{rel}","templated":true}]}}