{"id":193942,"date":"2025-06-16T05:19:09","date_gmt":"2025-06-16T05:19:09","guid":{"rendered":"https:\/\/www.europesays.com\/de\/193942\/"},"modified":"2025-06-16T05:19:09","modified_gmt":"2025-06-16T05:19:09","slug":"prozessauftakt-schiesserei-in-ahlen-antenne-muenster","status":"publish","type":"post","link":"https:\/\/www.europesays.com\/de\/193942\/","title":{"rendered":"Prozessauftakt: Schie\u00dferei in Ahlen &#8211; Antenne M\u00fcnster"},"content":{"rendered":"<p>Vor dem Landgericht M\u00fcnster muss sich ein 69 Jahre alter Mann aus Ahlen verantworten. Ihm wird unter anderem versuchter Mord vorgeworfen. Im Dezember 2024 soll er auf einem Supermarkt-Parkplatz versucht haben, zwei Menschen zu erschie\u00dfen. Er soll die Wehrlosigkeit der beiden Menschen ausgenutzt haben, um dem Mann in den R\u00fccken zu schie\u00dfen. Anschlie\u00dfend soll sich der Angeklagte der Mutter des angeschossenen Opfers zugewandt haben. Er soll auf ihr Gesicht gezielt haben und zweimal abgedr\u00fcckt haben. Aufgrund einer Ladehemmung habe die halbautomatische Pistole jedoch keinen Schuss mehr abgegeben. <\/p>\n<p>Angeklagter direkt \u00fcberw\u00e4ltigt <\/p>\n<p>Die beiden Opfer haben sich zur Wehr gesetzt, woraufhin der Angeklagte gefl\u00fcchtet und dabei zu Boden gefallen sei. Als die Frau versucht habe, den Angeklagten auf dem Boden festzuhalten, habe dieser ihr mit der Waffe auf den Kopf geschlagen, bevor er \u00fcberw\u00e4ltigt worden sei. Die Schussverletzung bei dem Mann habe nicht zu akuter Lebensgefahr gef\u00fchrt.<\/p>\n<p>Hintergrund der Tat <\/p>\n<p>Nach Erkenntnissen der Staatsanwaltschaft sei der Wunsch des Angeklagten nach Rache f\u00fcr die Ermordung seines Sohnes im Dezember 2020 &#8211; ebenfalls in Ahlen &#8211; der Hintergrund der Tat. F\u00fcr die bislang nicht aufgekl\u00e4rte Tat habe der Angeklagte die Familie verantwortlich gemacht, zu der die beiden Opfer geh\u00f6ren. Das Landgericht M\u00fcnster erwartet, dass viele Leute den Prozess verfolgen. <\/p>\n<p>Das Urteil soll es Anfang September (09.09.) geben.\u00a0Vorab sind folgende Termine angesetzt: 25.06., 11.07., 29.07., 19.08., 25.08., 26.08., 28.08., 02.09., 05.09. und 09.09. Die jeweiligen Prozess-Termine beginnen jeweils um 9:30 Uhr im Saal A23. <\/p>\n","protected":false},"excerpt":{"rendered":"Vor dem Landgericht M\u00fcnster muss sich ein 69 Jahre alter Mann aus Ahlen verantworten. Ihm wird unter anderem&hellip;\n","protected":false},"author":2,"featured_media":166586,"comment_status":"","ping_status":"","sticky":false,"template":"","format":"standard","meta":{"footnotes":""},"categories":[1843],"tags":[5677,57639,17788,3364,29,30,8970,1209],"class_list":{"0":"post-193942","1":"post","2":"type-post","3":"status-publish","4":"format-standard","5":"has-post-thumbnail","7":"category-muenster","8":"tag-munster","9":"tag-landgericht-mnster","10":"tag-ahlen","11":"tag-de","12":"tag-deutschland","13":"tag-germany","14":"tag-muenster","15":"tag-nordrhein-westfalen"},"share_on_mastodon":{"url":"https:\/\/pubeurope.com\/@de\/114691359612405168","error":""},"_links":{"self":[{"href":"https:\/\/www.europesays.com\/de\/wp-json\/wp\/v2\/posts\/193942","targetHints":{"allow":["GET"]}}],"collection":[{"href":"https:\/\/www.europesays.com\/de\/wp-json\/wp\/v2\/posts"}],"about":[{"href":"https:\/\/www.europesays.com\/de\/wp-json\/wp\/v2\/types\/post"}],"author":[{"embeddable":true,"href":"https:\/\/www.europesays.com\/de\/wp-json\/wp\/v2\/users\/2"}],"replies":[{"embeddable":true,"href":"https:\/\/www.europesays.com\/de\/wp-json\/wp\/v2\/comments?post=193942"}],"version-history":[{"count":0,"href":"https:\/\/www.europesays.com\/de\/wp-json\/wp\/v2\/posts\/193942\/revisions"}],"wp:featuredmedia":[{"embeddable":true,"href":"https:\/\/www.europesays.com\/de\/wp-json\/wp\/v2\/media\/166586"}],"wp:attachment":[{"href":"https:\/\/www.europesays.com\/de\/wp-json\/wp\/v2\/media?parent=193942"}],"wp:term":[{"taxonomy":"category","embeddable":true,"href":"https:\/\/www.europesays.com\/de\/wp-json\/wp\/v2\/categories?post=193942"},{"taxonomy":"post_tag","embeddable":true,"href":"https:\/\/www.europesays.com\/de\/wp-json\/wp\/v2\/tags?post=193942"}],"curies":[{"name":"wp","href":"https:\/\/api.w.org\/{rel}","templated":true}]}}