{"id":19433,"date":"2025-04-09T23:20:17","date_gmt":"2025-04-09T23:20:17","guid":{"rendered":"https:\/\/www.europesays.com\/de\/19433\/"},"modified":"2025-04-09T23:20:17","modified_gmt":"2025-04-09T23:20:17","slug":"von-der-leyen-und-starmer-treffen-sich-um-zoelle-und-zusammenarbeit-zu-besprechen","status":"publish","type":"post","link":"https:\/\/www.europesays.com\/de\/19433\/","title":{"rendered":"von der Leyen und Starmer treffen sich, um Z\u00f6lle und Zusammenarbeit zu besprechen"},"content":{"rendered":"<p class=\"tdm-descr\">\u00a9 Agenzia Nova \u2013 Nachdruck vorbehalten<\/p>\n<p class=\"gt-block\">Der Pr\u00e4sident der Europ\u00e4ischen Kommission, <strong>Ursula von der Leyen<\/strong>, hatte ein Telefongespr\u00e4ch mit dem britischen Premierminister, <strong>Keir Starmer<\/strong>, wobei der Schwerpunkt auf den US-Z\u00f6llen und ihren Auswirkungen auf die Weltwirtschaft liegt. Von der Leyen \u201edr\u00fcckte ihre tiefe Besorgnis \u00fcber die von Pr\u00e4sident Trump am 2. April angek\u00fcndigten Z\u00f6lle und den Schaden aus, den sie allen L\u00e4ndern zuf\u00fcgen, sowohl durch ihre direkten als auch indirekten Auswirkungen, auch den \u00e4rmsten L\u00e4ndern der Welt\u201c, hie\u00df es in einer Erkl\u00e4rung der Kommission. \u201eEr erkannte an, dass die Z\u00f6lle einen wichtigen Wendepunkt f\u00fcr die Vereinigten Staaten darstellen und bekr\u00e4ftigte die Verpflichtung der EU, Verhandlungen mit den Vereinigten Staaten aufzunehmen. Gleichzeitig machte er deutlich, dass die Europ\u00e4ische Union bereit ist, ihre Interessen erforderlichenfalls durch angemessene Gegenma\u00dfnahmen zu verteidigen\u201c, hei\u00dft es in der Mitteilung weiter. Gleichzeitig unterstrich von der Leyen ihre Entschlossenheit, gemeinsam mit Partnern auf diese neue Realit\u00e4t der Weltwirtschaft zu reagieren, wobei sie sich bewusst ist, dass jeder Handelspartner nach seinen eigenen Priorit\u00e4ten handeln wird.<\/p>\n<p>Der Kommissionspr\u00e4sident bekr\u00e4ftigte zudem das starke Engagement der EU f\u00fcr eine enge Zusammenarbeit mit Gro\u00dfbritannien in Sicherheits- und Verteidigungsfragen sowie f\u00fcr eine gemeinsame und dauerhafte Unterst\u00fctzung der Ukraine und \u00e4u\u00dferte seine Besorgnis \u00fcber die ins Stocken geratenen Friedensbem\u00fchungen Russlands. Von der Leyen und Starmer diskutierten die Vorbereitungen f\u00fcr den bevorstehenden EU-Gro\u00dfbritannien-Gipfel am 19. Mai, der eine wichtige Gelegenheit zur St\u00e4rkung der Zusammenarbeit in Schl\u00fcsselbereichen wie Sicherheit und Verteidigung, Handel und Wirtschaft bieten wird. Von der Leyen best\u00e4tigte, dass sie den britischen Premierminister am 24. April in London beim Internationalen Gipfel zur Zukunft der Energiesicherheit im Lancaster House treffen werde.<\/p>\n<p class=\"gt-block\">Lesen Sie auch andere Nachrichten \u00fcber <strong><a href=\"https:\/\/www.agenzianova.com\/de\/news\" target=\"_blank\" rel=\"noopener\">Nova-News<\/a><\/strong><\/p>\n<p class=\"gt-block\"><strong><a style=\"color: #0000ff;\" href=\"https:\/\/whatsapp.com\/channel\/0029VaZNLBP6BIEk5MzqOb2Q\" target=\"_blank\" rel=\"noopener\">Klicken Sie hier und erhalten Sie Updates auf WhatsApp<\/a><\/strong><\/p>\n<p class=\"gt-block\">Folgen Sie uns auf den sozialen Kan\u00e4len von Nova News <strong><a href=\"https:\/\/twitter.com\/agenzia_nova\" target=\"_blank\" rel=\"noopener\">Twitter<\/a>, <a href=\"https:\/\/www.linkedin.com\/company\/64989554\/admin\/\" target=\"_blank\" rel=\"noopener\"> LinkedIn<\/a>, <a href=\"https:\/\/www.instagram.com\/agenzia.nova\/\" target=\"_blank\" rel=\"noopener\">Instagram, <\/a><a href=\"https:\/\/t.me\/novanewsagenzia\">Telegram<\/a><\/strong><\/p>\n<p class=\"tdm-descr\">\u00a9 Agenzia Nova \u2013 Nachdruck vorbehalten<\/p>\n<p><script async src=\"https:\/\/platform.twitter.com\/widgets.js\" charset=\"utf-8\"><\/script><script async src=\"\/\/www.instagram.com\/embed.js\"><\/script><\/p>\n","protected":false},"excerpt":{"rendered":"\u00a9 Agenzia Nova \u2013 Nachdruck vorbehalten Der Pr\u00e4sident der Europ\u00e4ischen Kommission, Ursula von der Leyen, hatte ein Telefongespr\u00e4ch&hellip;\n","protected":false},"author":2,"featured_media":19434,"comment_status":"","ping_status":"","sticky":false,"template":"","format":"standard","meta":{"footnotes":""},"categories":[3976],"tags":[331,332,13,14,15,12,6382,3992,3993,3994,3995,3996,3997,12257],"class_list":{"0":"post-19433","1":"post","2":"type-post","3":"status-publish","4":"format-standard","5":"has-post-thumbnail","7":"category-vereinigtes-koenigreich","8":"tag-aktuelle-nachrichten","9":"tag-aktuelle-news","10":"tag-headlines","11":"tag-nachrichten","12":"tag-news","13":"tag-schlagzeilen","14":"tag-starmer","15":"tag-uk","16":"tag-united-kingdom","17":"tag-united-kingdom-of-great-britain-and-northern-ireland","18":"tag-vereinigtes-koenigreich","19":"tag-vereinigtes-koenigreich-grossbritannien-und-nordirland","20":"tag-vereinigtes-koenigreich-von-grossbritannien-und-nordirland","21":"tag-von-der-leine"},"share_on_mastodon":{"url":"https:\/\/pubeurope.com\/@de\/114310573231140387","error":""},"_links":{"self":[{"href":"https:\/\/www.europesays.com\/de\/wp-json\/wp\/v2\/posts\/19433","targetHints":{"allow":["GET"]}}],"collection":[{"href":"https:\/\/www.europesays.com\/de\/wp-json\/wp\/v2\/posts"}],"about":[{"href":"https:\/\/www.europesays.com\/de\/wp-json\/wp\/v2\/types\/post"}],"author":[{"embeddable":true,"href":"https:\/\/www.europesays.com\/de\/wp-json\/wp\/v2\/users\/2"}],"replies":[{"embeddable":true,"href":"https:\/\/www.europesays.com\/de\/wp-json\/wp\/v2\/comments?post=19433"}],"version-history":[{"count":0,"href":"https:\/\/www.europesays.com\/de\/wp-json\/wp\/v2\/posts\/19433\/revisions"}],"wp:featuredmedia":[{"embeddable":true,"href":"https:\/\/www.europesays.com\/de\/wp-json\/wp\/v2\/media\/19434"}],"wp:attachment":[{"href":"https:\/\/www.europesays.com\/de\/wp-json\/wp\/v2\/media?parent=19433"}],"wp:term":[{"taxonomy":"category","embeddable":true,"href":"https:\/\/www.europesays.com\/de\/wp-json\/wp\/v2\/categories?post=19433"},{"taxonomy":"post_tag","embeddable":true,"href":"https:\/\/www.europesays.com\/de\/wp-json\/wp\/v2\/tags?post=19433"}],"curies":[{"name":"wp","href":"https:\/\/api.w.org\/{rel}","templated":true}]}}