{"id":194521,"date":"2025-06-16T10:45:16","date_gmt":"2025-06-16T10:45:16","guid":{"rendered":"https:\/\/www.europesays.com\/de\/194521\/"},"modified":"2025-06-16T10:45:16","modified_gmt":"2025-06-16T10:45:16","slug":"alfons-pennekamp-plaediert-fuer-toleranz","status":"publish","type":"post","link":"https:\/\/www.europesays.com\/de\/194521\/","title":{"rendered":"Alfons Pennekamp pl\u00e4diert f\u00fcr Toleranz"},"content":{"rendered":"<p>\t\tWem geh\u00f6rt der Stadtgarten &#8211; Mensch oder Gans?<br \/>\n\t\t\t\t\tAlfons Pennekamp pl\u00e4diert f\u00fcr Toleranz<\/p>\n<p>\t16.06.2025 11:55 Uhr<\/p>\n<p>\t\tTeilen<\/p>\n<p>\n\tIn Merkliste \u00fcbernehmen\n<\/p>\n<p>    <a href=\"https:\/\/www.ruhrnachrichten.de\/wp-content\/uploads\/2025\/06\/16\/09\/630_0900_4787834_Alfons_Pennekamp_BUND_Naturschuetzer_Wi-1648x824.jpg\" target=\"_blank\" rel=\"noopener\"><\/p>\n<p>            <img loading=\"lazy\" decoding=\"async\" src=\"https:\/\/www.europesays.com\/de\/wp-content\/uploads\/2025\/06\/630_0900_4787833_Alfons_Pennekamp_BUND_Naturschuetzer_Wi-640x428.jpg\" width=\"640\" height=\"428\"  alt=\"Alfons Pennekamp im Stadtgarten in Castrop-Rauxel mit Wildg\u00e4nsen.\"\/><\/p>\n<p>    <\/a><br \/>\n    Alfons Pennekamp hat kein Problem mit Wildg\u00e4nsen. \u00a9 Larissa Kienast<\/p>\n<p class=\"article__teaser-text\">Wer G\u00e4nse f\u00fcttert, meint es oft gut und richtet doch Schaden an. Natursch\u00fctzer Alfons Pennekamp kennt die Tiere und erz\u00e4hlt, was man statt f\u00fcttern tun kann.<\/p>\n<p>3 Min Lesezeit<\/p>\n<p>Bitte nicht F\u00fctternPlatz f\u00fcr Menschen und G\u00e4nseEinst bewusst ausgewildertForschen statt F\u00fcttern<\/p>\n<p>\n\t<a href=\"https:\/\/www.ruhrnachrichten.de\" class=\"button button--brand button--link home-button\" target=\"_blank\" rel=\"noopener\">Zur Startseite<\/a><\/p>\n","protected":false},"excerpt":{"rendered":"Wem geh\u00f6rt der Stadtgarten &#8211; Mensch oder Gans? Alfons Pennekamp pl\u00e4diert f\u00fcr Toleranz 16.06.2025 11:55 Uhr Teilen In&hellip;\n","protected":false},"author":2,"featured_media":194522,"comment_status":"","ping_status":"","sticky":false,"template":"","format":"standard","meta":{"footnotes":""},"categories":[1839],"tags":[7507,3364,29,30,10388,1209,64209],"class_list":{"0":"post-194521","1":"post","2":"type-post","3":"status-publish","4":"format-standard","5":"has-post-thumbnail","7":"category-bochum","8":"tag-bochum","9":"tag-de","10":"tag-deutschland","11":"tag-germany","12":"tag-natur-umwelt","13":"tag-nordrhein-westfalen","14":"tag-wildgaense"},"share_on_mastodon":{"url":"https:\/\/pubeurope.com\/@de\/114692641508711489","error":""},"_links":{"self":[{"href":"https:\/\/www.europesays.com\/de\/wp-json\/wp\/v2\/posts\/194521","targetHints":{"allow":["GET"]}}],"collection":[{"href":"https:\/\/www.europesays.com\/de\/wp-json\/wp\/v2\/posts"}],"about":[{"href":"https:\/\/www.europesays.com\/de\/wp-json\/wp\/v2\/types\/post"}],"author":[{"embeddable":true,"href":"https:\/\/www.europesays.com\/de\/wp-json\/wp\/v2\/users\/2"}],"replies":[{"embeddable":true,"href":"https:\/\/www.europesays.com\/de\/wp-json\/wp\/v2\/comments?post=194521"}],"version-history":[{"count":0,"href":"https:\/\/www.europesays.com\/de\/wp-json\/wp\/v2\/posts\/194521\/revisions"}],"wp:featuredmedia":[{"embeddable":true,"href":"https:\/\/www.europesays.com\/de\/wp-json\/wp\/v2\/media\/194522"}],"wp:attachment":[{"href":"https:\/\/www.europesays.com\/de\/wp-json\/wp\/v2\/media?parent=194521"}],"wp:term":[{"taxonomy":"category","embeddable":true,"href":"https:\/\/www.europesays.com\/de\/wp-json\/wp\/v2\/categories?post=194521"},{"taxonomy":"post_tag","embeddable":true,"href":"https:\/\/www.europesays.com\/de\/wp-json\/wp\/v2\/tags?post=194521"}],"curies":[{"name":"wp","href":"https:\/\/api.w.org\/{rel}","templated":true}]}}