{"id":194726,"date":"2025-06-16T12:39:10","date_gmt":"2025-06-16T12:39:10","guid":{"rendered":"https:\/\/www.europesays.com\/de\/194726\/"},"modified":"2025-06-16T12:39:10","modified_gmt":"2025-06-16T12:39:10","slug":"tv-sendung-auf-vox-kretschmer-kuert-diese-woche-die-stuttgarter-shopping-queen","status":"publish","type":"post","link":"https:\/\/www.europesays.com\/de\/194726\/","title":{"rendered":"TV-Sendung auf Vox: Kretschmer k\u00fcrt diese Woche die Stuttgarter \u201eShopping Queen\u201c"},"content":{"rendered":"<p><a href=\"https:\/\/www.stuttgarter-zeitung.de\/thema\/Stuttgart\" title=\"Stuttgart\" class=\"art_thema\" target=\"_blank\" rel=\"noopener\">Stuttgart<\/a> wird in dieser Woche zur B\u00fchne f\u00fcr die <a href=\"https:\/\/www.stuttgarter-zeitung.de\/thema\/Vox\" title=\"Vox\" class=\"art_thema\" target=\"_blank\" rel=\"noopener\">Vox<\/a>-Show \u201eShopping Queen\u201c. F\u00fcnf Kandidatinnen k\u00e4mpfen um den Titel; mit dabei sind Julija, Franziska, Daniela, Julia und Nadja. <\/p>\n<p>Jede bekommt einen eigenen Tag, an dem sie mit 500 Euro Budget und vier Stunden Zeit ein komplettes Outfit zum vorgegebenen Motto zusammenstellen muss. Die anderen Kandidatinnen begleiten sie nicht nur beim Shoppen, sondern vergeben am Ende des Tages auch Punkte.<\/p>\n<p>Das Motto der Woche lautet: \u201eSummer feeling \u2013 Kreiere einen angesagten Look mit dem Trendstoff Musselin!\u201c Der leichte Baumwollstoff, oft in der Sommermode verwendet, stellt die Kandidatinnen vor die Herausforderung, modisches Gesp\u00fcr mit einem bestimmten Material zu verbinden. Ob l\u00e4ssig, verspielt oder elegant \u2013 am Ende entscheidet Modedesigner <a href=\"https:\/\/www.stuttgarter-zeitung.de\/thema\/Guido_Maria_Kretschmer\" title=\"Guido Maria Kretschmer\" class=\"art_thema\" target=\"_blank\" rel=\"noopener\">Guido Maria Kretschmer<\/a>, welche der f\u00fcnf Frauen die Aufgabe am besten umgesetzt hat.<\/p>\n<p>\u201eFr\u00e4ulein Kurvig\u201c aus Esslingen ist dabei <\/p>\n<p>Besondere Aufmerksamkeit d\u00fcrfte dabei Franziska Herb aus Esslingen erhalten. Die 36-J\u00e4hrige tr\u00e4gt seit 2023 den Titel \u201eFr\u00e4ulein Kurvig\u201c und setzt sich \u00f6ffentlich f\u00fcr mehr Sichtbarkeit und Akzeptanz kurviger Frauen ein. Sie sagt \u00fcber ihre Teilnahme: \u201eIch bin schon immer modebegeistert und style mich gern. Die Sendung ist genau richtig f\u00fcr mich.\u201c Mit ihrer Pr\u00e4senz will sie ein Zeichen f\u00fcr Body Positivity setzen \u2013 ohne dabei den Wettbewerbscharakter aus dem Blick zu verlieren.<\/p>\n<p>Von Montag bis Freitag ab 15 Uhr zeigt Vox, wie sich die Frauen auf Stuttgarts Einkaufsstra\u00dfen schlagen, wo sie ihre Outfits finden, wie sie mit der Zeit und dem Budget umgehen \u2013 und wie sie von ihren Mitbewerberinnen eingesch\u00e4tzt werden. Am Ende der Woche vergibt dann Guido Maria Kretschmer seine Punkte \u2013 und k\u00fcrt eine der Frauen zur \u201eShopping Queen\u201c von Stuttgart. <\/p>\n","protected":false},"excerpt":{"rendered":"Stuttgart wird in dieser Woche zur B\u00fchne f\u00fcr die Vox-Show \u201eShopping Queen\u201c. F\u00fcnf Kandidatinnen k\u00e4mpfen um den Titel;&hellip;\n","protected":false},"author":2,"featured_media":194727,"comment_status":"","ping_status":"","sticky":false,"template":"","format":"standard","meta":{"footnotes":""},"categories":[1830],"tags":[1634,3364,29,64268,30,20930,20931,1441,64269,230],"class_list":{"0":"post-194726","1":"post","2":"type-post","3":"status-publish","4":"format-standard","5":"has-post-thumbnail","7":"category-stuttgart","8":"tag-baden-wuerttemberg","9":"tag-de","10":"tag-deutschland","11":"tag-fraeulein-kurvig","12":"tag-germany","13":"tag-guido-maria-kretschmer","14":"tag-shopping-queen","15":"tag-stuttgart","16":"tag-tv-sendung","17":"tag-vox"},"share_on_mastodon":{"url":"https:\/\/pubeurope.com\/@de\/114693089812710499","error":""},"_links":{"self":[{"href":"https:\/\/www.europesays.com\/de\/wp-json\/wp\/v2\/posts\/194726","targetHints":{"allow":["GET"]}}],"collection":[{"href":"https:\/\/www.europesays.com\/de\/wp-json\/wp\/v2\/posts"}],"about":[{"href":"https:\/\/www.europesays.com\/de\/wp-json\/wp\/v2\/types\/post"}],"author":[{"embeddable":true,"href":"https:\/\/www.europesays.com\/de\/wp-json\/wp\/v2\/users\/2"}],"replies":[{"embeddable":true,"href":"https:\/\/www.europesays.com\/de\/wp-json\/wp\/v2\/comments?post=194726"}],"version-history":[{"count":0,"href":"https:\/\/www.europesays.com\/de\/wp-json\/wp\/v2\/posts\/194726\/revisions"}],"wp:featuredmedia":[{"embeddable":true,"href":"https:\/\/www.europesays.com\/de\/wp-json\/wp\/v2\/media\/194727"}],"wp:attachment":[{"href":"https:\/\/www.europesays.com\/de\/wp-json\/wp\/v2\/media?parent=194726"}],"wp:term":[{"taxonomy":"category","embeddable":true,"href":"https:\/\/www.europesays.com\/de\/wp-json\/wp\/v2\/categories?post=194726"},{"taxonomy":"post_tag","embeddable":true,"href":"https:\/\/www.europesays.com\/de\/wp-json\/wp\/v2\/tags?post=194726"}],"curies":[{"name":"wp","href":"https:\/\/api.w.org\/{rel}","templated":true}]}}