{"id":194743,"date":"2025-06-16T12:50:18","date_gmt":"2025-06-16T12:50:18","guid":{"rendered":"https:\/\/www.europesays.com\/de\/194743\/"},"modified":"2025-06-16T12:50:18","modified_gmt":"2025-06-16T12:50:18","slug":"tiergartentunnel-ab-sofort-gesperrt-eine-ausnahme-gibt-es","status":"publish","type":"post","link":"https:\/\/www.europesays.com\/de\/194743\/","title":{"rendered":"Tiergartentunnel ab sofort gesperrt \u2013 eine Ausnahme gibt es"},"content":{"rendered":"<p class=\"font-sans font-medium\">Berlin. Die geplante Sperrung des Tiergartentunnels hat begonnen. Bis Freitagabend geht in beiden Richtungen nichts mehr. Mit einer Ausnahme.<\/p>\n<p>Autofahrer in <a href=\"https:\/\/www.morgenpost.de\/berlin\/\" target=\"_blank\" rel=\"nofollow noopener\">Berlin<\/a> m\u00fcssen mit einer neuen Einschr\u00e4nkung zurechtkommen. Der <strong>Tiergartentunnel <\/strong>im Zentrum der Stadt ist wegen Bauarbeiten komplett gesperrt. Wie die Verkehrsverwaltung mitteilt, beginnt die Sperrung am Montag, 16. Juni und dauert bis Freitag, 20. Juni, ca. 18 Uhr. <\/p>\n<p>Die Verkehrsinformationszentrale <a href=\"https:\/\/bsky.app\/profile\/vizberlin.bsky.social\/post\/3lrp7q5veec2v\" target=\"_blank\" rel=\"nofollow noopener\">schreibt in der Nachrichtenapp Bluesky<\/a>, die Sperrung sei \u201eaus organisatorischen Gr\u00fcnden\u201c, vorgezogen worden. Geplant war, er erst ab 10 Uhr zu sperren.<\/p>\n<p>Grund f\u00fcr die Sperrung seien planm\u00e4\u00dfige Wartungs- und Instandhaltungsarbeiten, \u201eum die Betriebs- und Verkehrssicherheit dauerhaft zu gew\u00e4hrleisten\u201c, hie\u00df es von der Verwaltung.<\/p>\n<p>\u201eAufgrund der umfassenden <strong>Arbeiten <\/strong>an kritischen Sicherheitssystemen muss der Tunnel aus Sicherheitsgr\u00fcnden f\u00fcr alle Verkehrsteilnehmer durchg\u00e4ngig, sowohl tags\u00fcber als auch nachts, gesperrt werden.\u201c Die Zufahrt zum Parkhaus <a href=\"https:\/\/www.morgenpost.de\/berlin\/hauptbahnhof-berlin\/\" target=\"_blank\" rel=\"nofollow noopener\">Berlin Hauptbahnhof<\/a> \u00fcber die Clara-Jaschke-Stra\u00dfe bleibe weiter m\u00f6glich. Es werde empfohlen, den Bereich weitr\u00e4umig zu umfahren.<\/p>\n<p rel=\"author\" class=\"text-brand\">pcl\/dpa<\/p>\n","protected":false},"excerpt":{"rendered":"Berlin. Die geplante Sperrung des Tiergartentunnels hat begonnen. Bis Freitagabend geht in beiden Richtungen nichts mehr. Mit einer&hellip;\n","protected":false},"author":2,"featured_media":194744,"comment_status":"","ping_status":"","sticky":false,"template":"","format":"standard","meta":{"footnotes":""},"categories":[1825],"tags":[1941,1939,296,1937,29,30,1940,1938],"class_list":{"0":"post-194743","1":"post","2":"type-post","3":"status-publish","4":"format-standard","5":"has-post-thumbnail","7":"category-berlin","8":"tag-aktuelle-nachrichten-aus-berlin","9":"tag-aktuelle-news-aus-berlin","10":"tag-berlin","11":"tag-berlin-news","12":"tag-deutschland","13":"tag-germany","14":"tag-nachrichten-aus-berlin","15":"tag-news-aus-berlin"},"share_on_mastodon":{"url":"https:\/\/pubeurope.com\/@de\/114693132980496503","error":""},"_links":{"self":[{"href":"https:\/\/www.europesays.com\/de\/wp-json\/wp\/v2\/posts\/194743","targetHints":{"allow":["GET"]}}],"collection":[{"href":"https:\/\/www.europesays.com\/de\/wp-json\/wp\/v2\/posts"}],"about":[{"href":"https:\/\/www.europesays.com\/de\/wp-json\/wp\/v2\/types\/post"}],"author":[{"embeddable":true,"href":"https:\/\/www.europesays.com\/de\/wp-json\/wp\/v2\/users\/2"}],"replies":[{"embeddable":true,"href":"https:\/\/www.europesays.com\/de\/wp-json\/wp\/v2\/comments?post=194743"}],"version-history":[{"count":0,"href":"https:\/\/www.europesays.com\/de\/wp-json\/wp\/v2\/posts\/194743\/revisions"}],"wp:featuredmedia":[{"embeddable":true,"href":"https:\/\/www.europesays.com\/de\/wp-json\/wp\/v2\/media\/194744"}],"wp:attachment":[{"href":"https:\/\/www.europesays.com\/de\/wp-json\/wp\/v2\/media?parent=194743"}],"wp:term":[{"taxonomy":"category","embeddable":true,"href":"https:\/\/www.europesays.com\/de\/wp-json\/wp\/v2\/categories?post=194743"},{"taxonomy":"post_tag","embeddable":true,"href":"https:\/\/www.europesays.com\/de\/wp-json\/wp\/v2\/tags?post=194743"}],"curies":[{"name":"wp","href":"https:\/\/api.w.org\/{rel}","templated":true}]}}