{"id":194771,"date":"2025-06-16T13:04:09","date_gmt":"2025-06-16T13:04:09","guid":{"rendered":"https:\/\/www.europesays.com\/de\/194771\/"},"modified":"2025-06-16T13:04:09","modified_gmt":"2025-06-16T13:04:09","slug":"forscher-in-antarktis-stehen-vor-raetsel","status":"publish","type":"post","link":"https:\/\/www.europesays.com\/de\/194771\/","title":{"rendered":"Forscher in Antarktis stehen vor R\u00e4tsel"},"content":{"rendered":"<p class=\"css-benjn6\">Eigentlich d\u00fcrfte es sie gar nicht geben: Zwei Signale aus dem Eis stellen Forscher:innen in der Antarktis immer noch vor R\u00e4tsel.<\/p>\n<p>Das Wichtigste in K\u00fcrze<\/p>\n<ul class=\"css-155za0w\">\n<li class=\"css-1ma15dd\">\n<p data-testid=\"quick-info-line\" class=\"css-wuohcg\">Messballons haben zwei Radioimpulse aufgezeichnet, die aus dem Eis der Antarktis kamen.<\/p>\n<\/li>\n<li class=\"css-1ma15dd\">\n<p data-testid=\"quick-info-line\" class=\"css-wuohcg\">Das ist eine Anomalie, die nicht zum Standardmodell der Physik passt.<\/p>\n<\/li>\n<li class=\"css-1ma15dd\">\n<p data-testid=\"quick-info-line\" class=\"css-wuohcg\">Physiker:innen haben die Signale nun mit Teilchensignalen verglichen, die das Pierre Auger Observatorium in Argentinien hat.<\/p>\n<\/li>\n<\/ul>\n<p class=\"css-bq2685\" id=\"doc-1its4g9jj11\">Die Physiker:innen der Pennsylvania State University und dem Bariloche Atomforschungszentrum in Argentinien haben noch einmal alle Daten einer gr\u00fcndlichen Analyse unterzogen und mit Modellen anderer Teilchendetektoren verglichen. Das R\u00e4tsel: <strong>Zwei Radiopulse<\/strong>, die die Messballons des ANITA-Experiments (Antarctic Impulsive Transient Antenna) \u00fcber <a data-li-document-ref=\"489099\" href=\"https:\/\/www.prosieben.de\/serien\/newstime\/news\/groesster-eisberg-der-welt-a23a-koennte-millionen-tierleben-gefaehrden-489099\" rel=\"nofollow noopener\" target=\"_blank\">der Antarktis<\/a> aufgezeichnet haben, <strong>kamen von deutlich unterhalb des Horizonts<\/strong>.<\/p>\n<p>Zwei Radioimpulse sorgen f\u00fcr Verwirrung bei Wissenschaftler:innen<\/p>\n<p class=\"css-bq2685\" id=\"doc-1its5oqhg0\">Astrophysikerin Stephanie Wissel erkl\u00e4rt: &#8222;Die Radiopulse kamen im Winkel von rund 30 Grad von unten aus dem Eis.&#8220; Mit einer Extremenergie von 0,6 Exaelektronenvolt\u00a0waren <strong>beide Ereignisse au\u00dferdem extrem energiereich<\/strong>. Sie waren etwa 200-fach st\u00e4rker als g\u00e4ngige Signale bekannter Quellen.<\/p>\n<p class=\"css-bq2685\" id=\"doc-1its64du90\">Das passt nicht zum Standardmodell der Physik, denn ein solches energiereiches Teilchen m\u00fcsste die gesamte Erde durchquert haben. Das Team der Pierre Auger Collaboration erkl\u00e4rt: &#8222;<strong>Kein Teilchen des Standardmodells kann bei diesen Energien die rund 5.700 Kilometer durch die Erde hindurch zur\u00fccklegen und die Passage \u00fcberstehen.<\/strong>&#8222;<\/p>\n<p class=\"css-bq2685\" id=\"doc-1itscf34g0\"><strong>Auch in den News:<\/strong><\/p>\n<p>Eine Erkl\u00e4rung hat die Wissenschaft noch nicht<\/p>\n<p class=\"css-bq2685\" id=\"doc-1its6snhp0\">Eine Erkl\u00e4rung f\u00fcr die Anomalie haben die Forscher:innen noch immer nicht. Laut Wissel gehen sie jedoch nicht davon aus, dass sie durch Neutrinos verursacht wurden. Die Detektoren des Messballons fangen Radiopulse ein, die durch die Wechselwirkung von Neutrinos mit der <a data-li-document-ref=\"534943\" href=\"https:\/\/www.prosieben.de\/serien\/newstime\/news\/ende-der-erde-nasa-berechnet-zeitpunkt-wann-unser-planet-nicht-mehr-bewohnbar-ist-534943\" rel=\"nofollow noopener\" target=\"_blank\">Atmosph\u00e4re<\/a> oder dem Untergrund entstehen.<\/p>\n<p class=\"css-bq2685\" id=\"doc-1its79lt20\">Bei einem neuen Vergleich der Daten mit rund 7,6 Millionen Teilchensignale, die das Pierre Auger Observatorium in Argentinien im gleichen Zeitraum eingefangen hat, wurde <strong>kein einziges Ereignis gefunden, das von unten aus dem Untergrund kam<\/strong> und die r\u00e4tselhaften Signale erkl\u00e4ren k\u00f6nnte.<\/p>\n<p class=\"css-bq2685\" id=\"doc-1its9j8vv0\">Das R\u00e4tsel bleibt also ungel\u00f6st. Eine Vermutung hat Wissel jedoch. Sie k\u00f6nnte sich vorstellen, dass unter dem Eis oder am Horizont <strong>ein Prozess stattfindet, den wir bisher nicht verstehen.<\/strong>\u00a0 Die Astrophysikerin hofft, dass bei weiteren Messfl\u00fcgen noch mehr solcher Anomalien einfangen werden und das Mysterium dann damit gel\u00f6st werden kann.<\/p>\n","protected":false},"excerpt":{"rendered":"Eigentlich d\u00fcrfte es sie gar nicht geben: Zwei Signale aus dem Eis stellen Forscher:innen in der Antarktis immer&hellip;\n","protected":false},"author":2,"featured_media":194772,"comment_status":"","ping_status":"","sticky":false,"template":"","format":"standard","meta":{"footnotes":""},"categories":[135],"tags":[29,30,190,189,194,191,193,192],"class_list":{"0":"post-194771","1":"post","2":"type-post","3":"status-publish","4":"format-standard","5":"has-post-thumbnail","7":"category-wissenschaft-technik","8":"tag-deutschland","9":"tag-germany","10":"tag-science","11":"tag-science-technology","12":"tag-technik","13":"tag-technology","14":"tag-wissenschaft","15":"tag-wissenschaft-technik"},"share_on_mastodon":{"url":"https:\/\/pubeurope.com\/@de\/114693188255079703","error":""},"_links":{"self":[{"href":"https:\/\/www.europesays.com\/de\/wp-json\/wp\/v2\/posts\/194771","targetHints":{"allow":["GET"]}}],"collection":[{"href":"https:\/\/www.europesays.com\/de\/wp-json\/wp\/v2\/posts"}],"about":[{"href":"https:\/\/www.europesays.com\/de\/wp-json\/wp\/v2\/types\/post"}],"author":[{"embeddable":true,"href":"https:\/\/www.europesays.com\/de\/wp-json\/wp\/v2\/users\/2"}],"replies":[{"embeddable":true,"href":"https:\/\/www.europesays.com\/de\/wp-json\/wp\/v2\/comments?post=194771"}],"version-history":[{"count":0,"href":"https:\/\/www.europesays.com\/de\/wp-json\/wp\/v2\/posts\/194771\/revisions"}],"wp:featuredmedia":[{"embeddable":true,"href":"https:\/\/www.europesays.com\/de\/wp-json\/wp\/v2\/media\/194772"}],"wp:attachment":[{"href":"https:\/\/www.europesays.com\/de\/wp-json\/wp\/v2\/media?parent=194771"}],"wp:term":[{"taxonomy":"category","embeddable":true,"href":"https:\/\/www.europesays.com\/de\/wp-json\/wp\/v2\/categories?post=194771"},{"taxonomy":"post_tag","embeddable":true,"href":"https:\/\/www.europesays.com\/de\/wp-json\/wp\/v2\/tags?post=194771"}],"curies":[{"name":"wp","href":"https:\/\/api.w.org\/{rel}","templated":true}]}}