{"id":194798,"date":"2025-06-16T13:18:14","date_gmt":"2025-06-16T13:18:14","guid":{"rendered":"https:\/\/www.europesays.com\/de\/194798\/"},"modified":"2025-06-16T13:18:14","modified_gmt":"2025-06-16T13:18:14","slug":"digitaler-smalltalk-im-media-turm-ludwigshafen","status":"publish","type":"post","link":"https:\/\/www.europesays.com\/de\/194798\/","title":{"rendered":"Digitaler Smalltalk im Media-Turm &#8211; Ludwigshafen"},"content":{"rendered":"<p><b\/>Zum sechsten bundesweiten Digitaltag laden die Digitalhilfe <a class=\"rtr-entity\" data-rtr-entity=\"Ludwigshafen\" data-rtr-id=\"26b4406521e36b503c690e53e1b9dec3bdb26dfe\" data-rtr-score=\"57.270875763747455\" data-rtr-etype=\"location\" data-rtr-index=\"3\" href=\"https:\/\/www.rheinpfalz.de\/lokal\/ludwigshafen.html?utm_source=rheinpfalz.de&amp;utm_medium=tms&amp;utm_campaign=intext\" rel=\"nofollow noopener\" target=\"_blank\">Ludwigshafen<\/a> und das Projekt \u201eDigital-Botschafter <a class=\"rtr-entity\" data-rtr-entity=\"Rheinland-Pfalz\" data-rtr-id=\"592c89cea2c38a673e1ef01e37ba8a1a22000196\" data-rtr-score=\"13.808553971486761\" data-rtr-etype=\"location\" data-rtr-index=\"0\" href=\"https:\/\/www.rheinpfalz.de\/rheinland-pfalz.html\" rel=\"nofollow noopener\" target=\"_blank\">Rheinland-Pfalz<\/a>\u201c zu einem \u201eDigitalen Smalltalk\u201c in den Media-Turm, Turmstra\u00dfe 10, ein. Digital-Botschafter sind zurzeit \u00fcber 700 Ehrenamtliche, die sich in ganz Rheinland-Pfalz engagieren, um \u00e4ltere Menschen kostenlos beim Umgang mit Internet, Smartphone und Co. zu unterst\u00fctzen. In der Digitalhilfe Ludwigshafen (im Netz: <a href=\"https:\/\/www.digitalhilfe-ludwigshafen.de\" target=\"_blank\" class=\"external-link-new-window\" title=\"\" rel=\"nofollow noopener\">www.digitalhilfe-ludwigshafen.de<\/a>) haben sich 19 von ihnen   an neun unterschiedlichen Standorten organisiert. Die Aktion \u201eDigitaler Smalltalk\u201c richtet sich an alle, die Interesse an der digitalen Welt haben, insbesondere aber an  Senioren. In einer lockeren,  zwanglosen Atmosph\u00e4re k\u00f6nnen sie sich mit  Spezialisten  austauschen. \u201eWir m\u00f6chten mit unserer kostenlosen Aktion einen Beitrag zur digitalen Teilhabe leisten und laden alle Menschen, die bereits digital online sind, sowie auch solche, die noch Ber\u00fchrungs\u00e4ngste haben, zu unserer Veranstaltung ein\u201c, sagt J\u00fcrgen Soltau von der Digitalhilfe Ludwigshafen. Termin: Mittwoch, 25. Juni, 14 bis  16 Uhr, Anmeldung: Telefon 0621  67176717 (AB, bitte als Sprechstunde \u201eSmalltalk\u201c nennen) oder per E-Mail an <a href=\"https:\/\/www.rheinpfalz.de\/lokal\/mailto:anmeldung@digitalhilfe-ludwigshafen.de\" target=\"_blank\" class=\"external-link-new-window\" title=\"\" rel=\"nofollow noopener\">anmeldung@digitalhilfe-ludwigshafen.de<\/a>.<\/p>\n","protected":false},"excerpt":{"rendered":"Zum sechsten bundesweiten Digitaltag laden die Digitalhilfe Ludwigshafen und das Projekt \u201eDigital-Botschafter Rheinland-Pfalz\u201c zu einem \u201eDigitalen Smalltalk\u201c in&hellip;\n","protected":false},"author":2,"featured_media":194799,"comment_status":"","ping_status":"","sticky":false,"template":"","format":"standard","meta":{"footnotes":""},"categories":[1845],"tags":[1634,3364,29,548,663,3934,30,13,4060,25476,2096,14,15,1756,12],"class_list":{"0":"post-194798","1":"post","2":"type-post","3":"status-publish","4":"format-standard","5":"has-post-thumbnail","7":"category-mannheim","8":"tag-baden-wuerttemberg","9":"tag-de","10":"tag-deutschland","11":"tag-eu","12":"tag-europa","13":"tag-europe","14":"tag-germany","15":"tag-headlines","16":"tag-lokal","17":"tag-ludwigshafen","18":"tag-mannheim","19":"tag-nachrichten","20":"tag-news","21":"tag-rheinland-pfalz","22":"tag-schlagzeilen"},"share_on_mastodon":{"url":"https:\/\/pubeurope.com\/@de\/114693243101457309","error":""},"_links":{"self":[{"href":"https:\/\/www.europesays.com\/de\/wp-json\/wp\/v2\/posts\/194798","targetHints":{"allow":["GET"]}}],"collection":[{"href":"https:\/\/www.europesays.com\/de\/wp-json\/wp\/v2\/posts"}],"about":[{"href":"https:\/\/www.europesays.com\/de\/wp-json\/wp\/v2\/types\/post"}],"author":[{"embeddable":true,"href":"https:\/\/www.europesays.com\/de\/wp-json\/wp\/v2\/users\/2"}],"replies":[{"embeddable":true,"href":"https:\/\/www.europesays.com\/de\/wp-json\/wp\/v2\/comments?post=194798"}],"version-history":[{"count":0,"href":"https:\/\/www.europesays.com\/de\/wp-json\/wp\/v2\/posts\/194798\/revisions"}],"wp:featuredmedia":[{"embeddable":true,"href":"https:\/\/www.europesays.com\/de\/wp-json\/wp\/v2\/media\/194799"}],"wp:attachment":[{"href":"https:\/\/www.europesays.com\/de\/wp-json\/wp\/v2\/media?parent=194798"}],"wp:term":[{"taxonomy":"category","embeddable":true,"href":"https:\/\/www.europesays.com\/de\/wp-json\/wp\/v2\/categories?post=194798"},{"taxonomy":"post_tag","embeddable":true,"href":"https:\/\/www.europesays.com\/de\/wp-json\/wp\/v2\/tags?post=194798"}],"curies":[{"name":"wp","href":"https:\/\/api.w.org\/{rel}","templated":true}]}}