{"id":195005,"date":"2025-06-16T15:07:11","date_gmt":"2025-06-16T15:07:11","guid":{"rendered":"https:\/\/www.europesays.com\/de\/195005\/"},"modified":"2025-06-16T15:07:11","modified_gmt":"2025-06-16T15:07:11","slug":"programm-tickets-highlights-im-ueberblick","status":"publish","type":"post","link":"https:\/\/www.europesays.com\/de\/195005\/","title":{"rendered":"Programm, Tickets, Highlights im \u00dcberblick"},"content":{"rendered":"<p>Open-Air-Kino und mehr <\/p>\n<p>Filmn\u00e4chte am Elbufer starten am Donnerstag \u2013 die Highlights<\/p>\n<p>16.06.2025 &#8211; 16:57 UhrLesedauer: 2 Min.<\/p>\n<p><a href=\"#focus-0\" class=\"transition-colors duration-200 focus-within:text-magenta block text-current relative\" data-sctrack=\"FocusGalleryImage.Reference\"><img fetchpriority=\"high\" data-testid=\"Opener.Image\" style=\"--lqipURL:url('https:\/\/images.t-online.de\/2025\/06\/YEOOAe4exHEJ\/0x0:1365x768\/fit-in\/150x0\/filters:blur(25)\/fast-100-kinofilme-und-14-konzerte.webp')\"   loading=\"eager\" src=\"https:\/\/www.europesays.com\/de\/wp-content\/uploads\/2025\/06\/fast-100-kinofilme-und-14-konzerte.webp.webp\" alt=\"Fast 100 Kinofilme und 14 Konzerte: F\u00fcnf Wochen lang gibt es ein volles Programm am Elbufer.\" title=\"Fast 100 Kinofilme und 14 Konzerte: F\u00fcnf Wochen lang gibt es ein volles Programm am Elbufer.\" width=\"1365\" height=\"768\" class=\"bg-[url:var(--lqipURL)] bg-cover bg-center flex w-full max-w-full h-full\" decoding=\"async\"\/><img style=\"--width:32;--height:32\" loading=\"lazy\" src=\"https:\/\/www.t-online.de\/s\/paper\/_next\/static\/media\/zoom-in.f7dae02f.svg\" alt=\"Vergr\u00f6\u00dfern des Bildes\" title=\"Vergr\u00f6\u00dfern des Bildes\" class=\"&#10;        block&#10;        h-[calc(var(--height)_\/_16_*_1rem)]&#10;        w-[calc(var(--width)_\/_16_*_1rem)]&#10;        max-w-none&#10;        absolute bottom-8 right-8 rounded-4 bg-snow p-8\" decoding=\"async\"\/><\/a><\/p>\n<p>Fast 100 Kinofilme und 14 Konzerte: F\u00fcnf Wochen lang gibt es ein volles Programm am Elbufer. (Quelle: IMAGO\/Sylvio Dittrich)<\/p>\n<p class=\"font-bold text-18 leading-17\">Trotz laufender Abrissarbeiten an der Carolabr\u00fccke finden die Filmn\u00e4chte weitgehend wie gewohnt statt. Um nicht den \u00dcberblick zu verlieren: eine Auswahl aus \u00fcber 100 Filmen und Konzerthighlights.<\/p>\n<p class=\"text-18 leading-17\">Vom 19. Juni bis zum 24. August verwandeln sich die Elbwiesen zwischen Carola- und Augustusbr\u00fccke in ein Open-Air-Kino und Kulturfestival. Trotz der Abrissarbeiten an der Carolabr\u00fccke finden die Filmn\u00e4chte am gewohnten Ort am K\u00f6nigsufer statt. Die Arbeiten <a class=\"transition-colors duration-200 cursor-pointer text-inherit no-underline text-salemsfur md:hover:text-magenta md:hover:border-magenta md:focus:text-magenta border-current border-b border-solid break-words\" href=\"https:\/\/www.t-online.de\/region\/dresden\/id_100756926\/dresden-neues-konzept-fuer-abriss-der-carolabruecke-vorgestellt.html\" data-sctrack=\"BodyAnchor\" target=\"_blank\" rel=\"noopener\">ruhen w\u00e4hrend der Veranstaltungen<\/a>.<\/p>\n<p class=\"text-18 leading-17\">Nach dem Br\u00fcckeneinsturz im September 2024 mussten die Veranstalter das Besucherkonzept \u00fcberarbeiten. Das Gel\u00e4nde funktioniert nun als &#8222;Einbahnstra\u00dfe&#8220;: Der Haupteingang liegt auf der Augustusseite \u00fcber den Elberadweg. Die Ostseite bleibt gesperrt.<\/p>\n<p class=\"text-18 leading-17\">Die Filmn\u00e4chte bieten ein gro\u00dfes Kinder- und Familienangebot \u2013 meist nachmittags oder am fr\u00fchen Abend. Gezeigt werden <a class=\"transition-colors duration-200 cursor-pointer text-inherit no-underline text-salemsfur md:hover:text-magenta md:hover:border-magenta md:focus:text-magenta border-current border-b border-solid break-words\" href=\"https:\/\/www.t-online.de\/nachrichten\/panorama\/buntes-kurioses\/id_100516720\/-paddington-in-peru-kultfigur-bekommt-britischen-reisepass-bei-dreharbeiten.html\" data-sctrack=\"BodyAnchor\" target=\"_blank\" rel=\"noopener\">&#8222;Paddington in Peru&#8220;<\/a> (13. August), &#8222;Der wilde Roboter&#8220; (29. Juni), der Oscar-pr\u00e4mierte Animationsfilm &#8222;Flow&#8220; (23. August) oder der <a class=\"transition-colors duration-200 cursor-pointer text-inherit no-underline text-salemsfur md:hover:text-magenta md:hover:border-magenta md:focus:text-magenta border-current border-b border-solid break-words\" href=\"https:\/\/www.t-online.de\/unterhaltung\/stars\/id_100401042\/chris-pratt-in-garfield-was-er-sich-von-arnold-schwarzenegger-abschaut.html\" data-sctrack=\"BodyAnchor\" target=\"_blank\" rel=\"noopener\">neue &#8222;Garfield&#8220;-Kinofilm<\/a> (5. Juli).<\/p>\n<p class=\"text-18 leading-17\">Ein besonderes Highlight sind die Besuche prominenter Filmstars. Regisseur S\u00f6nke Wortmann stellt pers\u00f6nlich seinen neuen Film &#8222;Der Spitzname&#8220; vor (28. Juni). Hollywood-Star Sam Riley pr\u00e4sentiert &#8222;Cranko&#8220; (9. Juli). Das Team von <a class=\"transition-colors duration-200 cursor-pointer text-inherit no-underline text-salemsfur md:hover:text-magenta md:hover:border-magenta md:focus:text-magenta border-current border-b border-solid break-words\" href=\"https:\/\/www.t-online.de\/region\/berlin\/id_100663736\/berlin-hildegard-knef-film-ich-will-alles-startet-in-den-kinos.html\" data-sctrack=\"BodyAnchor\" target=\"_blank\" rel=\"noopener\">&#8222;Ich will Alles. Hildegard Knef&#8220;<\/a> kommt am 7. Juli nach <a class=\"transition-colors duration-200 cursor-pointer text-inherit no-underline text-salemsfur md:hover:text-magenta md:hover:border-magenta md:focus:text-magenta border-current border-b border-solid break-words\" href=\"https:\/\/www.t-online.de\/region\/dresden\/\" data-sctrack=\"BodyAnchor\" target=\"_blank\" rel=\"noopener\">Dresden<\/a>.<\/p>\n<p class=\"text-18 leading-17\">Die Filmn\u00e4chte bieten auch Themenabende mit anschlie\u00dfender Party. Nach &#8222;Dirty Dancing&#8220; steigt am 2. August eine Tanzparty. Beim Mitternachtskino l\u00e4uft &#8222;The Big Lebowski&#8220; \u2013 wer im Bademantel kommt, bekommt einen kostenlosen White Russian.<\/p>\n<p class=\"text-18 leading-17\">Die Tickets kosten 1,50 Euro mehr als 2024. Montags gibt es weiterhin 3,50 Euro Rabatt auf alle Kinotickets. Familientickets bleiben bei 7,50 Euro.<\/p>\n<p class=\"text-18 leading-17\">Die Tickets kosten 1,50 Euro mehr als 2024. Montags gibt es weiterhin 3,50 Euro Rabatt auf alle Kinotickets.<\/p>\n<p class=\"text-18 leading-17\">Auch Familientickets kosten weiterhin 7,50 Euro.<\/p>\n","protected":false},"excerpt":{"rendered":"Open-Air-Kino und mehr Filmn\u00e4chte am Elbufer starten am Donnerstag \u2013 die Highlights 16.06.2025 &#8211; 16:57 UhrLesedauer: 2 Min.&hellip;\n","protected":false},"author":2,"featured_media":195006,"comment_status":"","ping_status":"","sticky":false,"template":"","format":"standard","meta":{"footnotes":""},"categories":[1835],"tags":[17382,13426,3364,29,2386,18628,24578,24575,64340,30,8659,64339,6345,10767,859],"class_list":{"0":"post-195005","1":"post","2":"type-post","3":"status-publish","4":"format-standard","5":"has-post-thumbnail","7":"category-dresden","8":"tag-abrissarbeit","9":"tag-carolabruecke","10":"tag-de","11":"tag-deutschland","12":"tag-dresden","13":"tag-elbufer","14":"tag-elbwiese","15":"tag-filmnacht","16":"tag-filmnaechte-am-elbufer","17":"tag-germany","18":"tag-highlight","19":"tag-konzerthighlight","20":"tag-nina-chuba","21":"tag-roland-kaiser","22":"tag-sachsen"},"share_on_mastodon":{"url":"https:\/\/pubeurope.com\/@de\/114693671818123109","error":""},"_links":{"self":[{"href":"https:\/\/www.europesays.com\/de\/wp-json\/wp\/v2\/posts\/195005","targetHints":{"allow":["GET"]}}],"collection":[{"href":"https:\/\/www.europesays.com\/de\/wp-json\/wp\/v2\/posts"}],"about":[{"href":"https:\/\/www.europesays.com\/de\/wp-json\/wp\/v2\/types\/post"}],"author":[{"embeddable":true,"href":"https:\/\/www.europesays.com\/de\/wp-json\/wp\/v2\/users\/2"}],"replies":[{"embeddable":true,"href":"https:\/\/www.europesays.com\/de\/wp-json\/wp\/v2\/comments?post=195005"}],"version-history":[{"count":0,"href":"https:\/\/www.europesays.com\/de\/wp-json\/wp\/v2\/posts\/195005\/revisions"}],"wp:featuredmedia":[{"embeddable":true,"href":"https:\/\/www.europesays.com\/de\/wp-json\/wp\/v2\/media\/195006"}],"wp:attachment":[{"href":"https:\/\/www.europesays.com\/de\/wp-json\/wp\/v2\/media?parent=195005"}],"wp:term":[{"taxonomy":"category","embeddable":true,"href":"https:\/\/www.europesays.com\/de\/wp-json\/wp\/v2\/categories?post=195005"},{"taxonomy":"post_tag","embeddable":true,"href":"https:\/\/www.europesays.com\/de\/wp-json\/wp\/v2\/tags?post=195005"}],"curies":[{"name":"wp","href":"https:\/\/api.w.org\/{rel}","templated":true}]}}