{"id":195150,"date":"2025-06-16T16:25:12","date_gmt":"2025-06-16T16:25:12","guid":{"rendered":"https:\/\/www.europesays.com\/de\/195150\/"},"modified":"2025-06-16T16:25:12","modified_gmt":"2025-06-16T16:25:12","slug":"hund-hercules-hat-milztumor-not-op","status":"publish","type":"post","link":"https:\/\/www.europesays.com\/de\/195150\/","title":{"rendered":"Hund Hercules hat Milztumor \u2013 Not-OP"},"content":{"rendered":"<p>Neue Hiobsbotschaft aus dem Tierheim <\/p>\n<p>Hercules hat Milztumor \u2013 kann ihn Not-OP noch retten?<\/p>\n<p>16.06.2025 &#8211; 17:50 UhrLesedauer: 1 Min.<\/p>\n<p><a href=\"#focus-0\" class=\"transition-colors duration-200 focus-within:text-magenta block text-current relative\" data-sctrack=\"FocusGalleryImage.Reference\"><img fetchpriority=\"high\" data-testid=\"Opener.Image\" style=\"--lqipURL:url('https:\/\/images.t-online.de\/2025\/06\/C4gTZlc7ZAvY\/0x31:705x397\/fit-in\/150x0\/filters:blur(25)\/image.jpg')\"   loading=\"eager\" src=\"https:\/\/www.europesays.com\/de\/wp-content\/uploads\/2025\/06\/1750091112_411_image.jpg\" alt=\"Am Dienstag muss sich Tierheimhund Hercules einer komplizierten Operation unterziehen. Um daf\u00fcr besonders ausgeruht zu sein, darf er bis dahin bei seinen Pflegern zuhause leben.\" title=\"Am Dienstag muss sich Tierheimhund Hercules einer komplizierten Operation unterziehen. Um daf\u00fcr besonders ausgeruht zu sein, darf er bis dahin bei seinen Pflegern zuhause leben.\" width=\"705\" height=\"397\" class=\"bg-[url:var(--lqipURL)] bg-cover bg-center flex w-full max-w-full h-full\" decoding=\"async\"\/><img style=\"--width:32;--height:32\" loading=\"lazy\" src=\"https:\/\/www.t-online.de\/s\/paper\/_next\/static\/media\/zoom-in.f7dae02f.svg\" alt=\"Vergr\u00f6\u00dfern des Bildes\" title=\"Vergr\u00f6\u00dfern des Bildes\" class=\"&#10;        block&#10;        h-[calc(var(--height)_\/_16_*_1rem)]&#10;        w-[calc(var(--width)_\/_16_*_1rem)]&#10;        max-w-none&#10;        absolute bottom-8 right-8 rounded-4 bg-snow p-8\" decoding=\"async\"\/><\/a><\/p>\n<p>Am Dienstag muss sich Tierheimhund Hercules einer komplizierten Operation unterziehen. Um daf\u00fcr besonders ausgeruht zu sein, darf er bis dahin bei seinen Pflegern zuhause leben. (Quelle: Tierheim N\u00fcrnberg)<\/p>\n<p class=\"font-bold text-18 leading-17\">Der R\u00fcde Hercules lebt seit Langem im Tierheim N\u00fcrnberg. Durch eine Routineuntersuchung wurde bei ihm nun eine schwere Erkrankung festgestellt.<\/p>\n<p class=\"text-18 leading-17\">Hercules geh\u00f6rt zu den Langzeitbewohnern des Tierheims <a class=\"transition-colors duration-200 cursor-pointer text-inherit no-underline text-salemsfur md:hover:text-magenta md:hover:border-magenta md:focus:text-magenta border-current border-b border-solid break-words\" href=\"https:\/\/www.t-online.de\/region\/nuernberg\/\" data-sctrack=\"BodyAnchor\" target=\"_blank\" rel=\"noopener\">N\u00fcrnberg<\/a>. Nun sorgt sich das Team besonders um den zw\u00f6lfj\u00e4hrigen Sch\u00e4ferhundmischling: Bei einer R\u00f6ntgenuntersuchung entdeckte die Tier\u00e4rztin einen Tumor an der Milz \u2013 ein Zufallsbefund, der ohne die Untersuchung unbemerkt geblieben w\u00e4re. Ohne schnelle Behandlung endet eine solche Erkrankung f\u00fcr Hunde oftmals t\u00f6dlich.<\/p>\n<p class=\"text-18 leading-17\">Zur Vorbereitung auf die bevorstehende Behandlung lebt Hercules derzeit bei vertrauten Bezugspersonen des Tierheims, um unter st\u00e4ndiger Beobachtung zu bleiben.<\/p>\n<p class=\"text-18 leading-17\">Hercules soll am Dienstag in einer Tierklinik operiert werden. Das Tierheim N\u00fcrnberg bittet in einem \u00f6ffentlichen Aufruf um mentale Unterst\u00fctzung f\u00fcr Hercules und hofft, dass der komplizierte Eingriff gut verl\u00e4uft. &#8222;Jetzt braucht Hercules alle Daumen und Pfoten gedr\u00fcckt&#8220;, hei\u00dft es in dem Beitrag.<\/p>\n<p class=\"text-18 leading-17\">Der Fall von Hercules trifft das N\u00fcrnberger Tierheim in einer ohnehin belastenden Phase: Erst vor wenigen Tagen musste das Team <a class=\"transition-colors duration-200 cursor-pointer text-inherit no-underline text-salemsfur md:hover:text-magenta md:hover:border-magenta md:focus:text-magenta border-current border-b border-solid break-words\" href=\"https:\/\/www.t-online.de\/region\/nuernberg\/id_100763562\/tierheim-nuernberg-zwei-hunde-eingeschlaefert-leitung-sauer.html\" data-sctrack=\"BodyAnchor\" target=\"_blank\" rel=\"noopener\">zwei Hunde am selben Tag einschl\u00e4fern<\/a> \u2013 einer davon war ein langj\u00e4hriger Begleiter der Mitarbeitenden.<\/p>\n<p class=\"text-18 leading-17\">In sozialen Netzwerken kam es daraufhin zu Anfeindungen. In einem offenen Statement machte das Tierheim seinem \u00c4rger Luft: Entscheidungen \u00fcber eine Einschl\u00e4ferung w\u00fcrden nie leichtfertig getroffen, hie\u00df es. &#8222;Wir k\u00e4mpfen tagt\u00e4glich um das Leben vieler Tiere&#8220;, so die Leitung.<\/p>\n<p class=\"text-18 leading-17\">Die Belastung sei gro\u00df \u2013 emotional, personell und finanziell. Umso wichtiger ist dem Tierheim derzeit ein Moment der Hoffnung: Dass Hercules die Operation gut \u00fcbersteht.<\/p>\n","protected":false},"excerpt":{"rendered":"Neue Hiobsbotschaft aus dem Tierheim Hercules hat Milztumor \u2013 kann ihn Not-OP noch retten? 16.06.2025 &#8211; 17:50 UhrLesedauer:&hellip;\n","protected":false},"author":2,"featured_media":195151,"comment_status":"","ping_status":"","sticky":false,"template":"","format":"standard","meta":{"footnotes":""},"categories":[1837],"tags":[772,3364,29,30,64364,64363,3783,64365,2486],"class_list":{"0":"post-195150","1":"post","2":"type-post","3":"status-publish","4":"format-standard","5":"has-post-thumbnail","7":"category-nuernberg","8":"tag-bayern","9":"tag-de","10":"tag-deutschland","11":"tag-germany","12":"tag-hiobsbotschaft","13":"tag-milztumor","14":"tag-nuernberg","15":"tag-routineuntersuchung","16":"tag-tierheim"},"share_on_mastodon":{"url":"https:\/\/pubeurope.com\/@de\/114693978518206312","error":""},"_links":{"self":[{"href":"https:\/\/www.europesays.com\/de\/wp-json\/wp\/v2\/posts\/195150","targetHints":{"allow":["GET"]}}],"collection":[{"href":"https:\/\/www.europesays.com\/de\/wp-json\/wp\/v2\/posts"}],"about":[{"href":"https:\/\/www.europesays.com\/de\/wp-json\/wp\/v2\/types\/post"}],"author":[{"embeddable":true,"href":"https:\/\/www.europesays.com\/de\/wp-json\/wp\/v2\/users\/2"}],"replies":[{"embeddable":true,"href":"https:\/\/www.europesays.com\/de\/wp-json\/wp\/v2\/comments?post=195150"}],"version-history":[{"count":0,"href":"https:\/\/www.europesays.com\/de\/wp-json\/wp\/v2\/posts\/195150\/revisions"}],"wp:featuredmedia":[{"embeddable":true,"href":"https:\/\/www.europesays.com\/de\/wp-json\/wp\/v2\/media\/195151"}],"wp:attachment":[{"href":"https:\/\/www.europesays.com\/de\/wp-json\/wp\/v2\/media?parent=195150"}],"wp:term":[{"taxonomy":"category","embeddable":true,"href":"https:\/\/www.europesays.com\/de\/wp-json\/wp\/v2\/categories?post=195150"},{"taxonomy":"post_tag","embeddable":true,"href":"https:\/\/www.europesays.com\/de\/wp-json\/wp\/v2\/tags?post=195150"}],"curies":[{"name":"wp","href":"https:\/\/api.w.org\/{rel}","templated":true}]}}