{"id":195169,"date":"2025-06-16T16:36:10","date_gmt":"2025-06-16T16:36:10","guid":{"rendered":"https:\/\/www.europesays.com\/de\/195169\/"},"modified":"2025-06-16T16:36:10","modified_gmt":"2025-06-16T16:36:10","slug":"aufenthalt-im-leipziger-hauptbahnhof-endet-in-der-jva-%c2%b7-leipziger-zeitung","status":"publish","type":"post","link":"https:\/\/www.europesays.com\/de\/195169\/","title":{"rendered":"Aufenthalt im Leipziger Hauptbahnhof endet in der JVA \u00b7 Leipziger Zeitung"},"content":{"rendered":"<p>F\u00fcr einen 27-j\u00e4hrigen Georgier endete gestern Nachmittag sein Aufenthalt im Leipziger Hauptbahnhof mit seiner Festnahme. Der Mann war durch sein auff\u00e4lliges Verhalten ins Visier der Beamten der Gemeinsamen Einsatzgruppe von Landes- und Bundespolizei \u201eBahnhof-Zentrum\u201c (GEG BaZe) geraten da er sich ungew\u00f6hnlich lange in der Osthalle aufhielt.<\/p>\n<p>Bei der Pr\u00fcfung der Identit\u00e4t des Georgiers stellte sich heraus, dass er gesucht wird. Die Staatsanwaltschaft L\u00fcbeck suchte den Mann mit einem Vollstreckungshaftbefehl wegen Diebstahls. Er wurde zu insgesamt 65 Tagess\u00e4tzen mit einer Geldstrafe von 3.200 Euro verurteilt. Da der 27-J\u00e4hrige die Geldstrafe nicht begleichen konnte, wurde er in die Justizvollzugsanstalt Leipzig eingeliefert.<\/p>\n","protected":false},"excerpt":{"rendered":"F\u00fcr einen 27-j\u00e4hrigen Georgier endete gestern Nachmittag sein Aufenthalt im Leipziger Hauptbahnhof mit seiner Festnahme. Der Mann war&hellip;\n","protected":false},"author":2,"featured_media":22790,"comment_status":"","ping_status":"","sticky":false,"template":"","format":"standard","meta":{"footnotes":""},"categories":[1832],"tags":[421,3364,29,30,71,121,859],"class_list":{"0":"post-195169","1":"post","2":"type-post","3":"status-publish","4":"format-standard","5":"has-post-thumbnail","7":"category-leipzig","8":"tag-bundespolizei","9":"tag-de","10":"tag-deutschland","11":"tag-germany","12":"tag-leipzig","13":"tag-polizei","14":"tag-sachsen"},"share_on_mastodon":{"url":"https:\/\/pubeurope.com\/@de\/114694021959651462","error":""},"_links":{"self":[{"href":"https:\/\/www.europesays.com\/de\/wp-json\/wp\/v2\/posts\/195169","targetHints":{"allow":["GET"]}}],"collection":[{"href":"https:\/\/www.europesays.com\/de\/wp-json\/wp\/v2\/posts"}],"about":[{"href":"https:\/\/www.europesays.com\/de\/wp-json\/wp\/v2\/types\/post"}],"author":[{"embeddable":true,"href":"https:\/\/www.europesays.com\/de\/wp-json\/wp\/v2\/users\/2"}],"replies":[{"embeddable":true,"href":"https:\/\/www.europesays.com\/de\/wp-json\/wp\/v2\/comments?post=195169"}],"version-history":[{"count":0,"href":"https:\/\/www.europesays.com\/de\/wp-json\/wp\/v2\/posts\/195169\/revisions"}],"wp:featuredmedia":[{"embeddable":true,"href":"https:\/\/www.europesays.com\/de\/wp-json\/wp\/v2\/media\/22790"}],"wp:attachment":[{"href":"https:\/\/www.europesays.com\/de\/wp-json\/wp\/v2\/media?parent=195169"}],"wp:term":[{"taxonomy":"category","embeddable":true,"href":"https:\/\/www.europesays.com\/de\/wp-json\/wp\/v2\/categories?post=195169"},{"taxonomy":"post_tag","embeddable":true,"href":"https:\/\/www.europesays.com\/de\/wp-json\/wp\/v2\/tags?post=195169"}],"curies":[{"name":"wp","href":"https:\/\/api.w.org\/{rel}","templated":true}]}}