{"id":195190,"date":"2025-06-16T16:47:09","date_gmt":"2025-06-16T16:47:09","guid":{"rendered":"https:\/\/www.europesays.com\/de\/195190\/"},"modified":"2025-06-16T16:47:09","modified_gmt":"2025-06-16T16:47:09","slug":"drei-unfaelle-mit-e-scootern-in-muenchen-zwei-mal-unfallflucht","status":"publish","type":"post","link":"https:\/\/www.europesays.com\/de\/195190\/","title":{"rendered":"Drei Unf\u00e4lle mit E-Scootern in M\u00fcnchen \u2013 zwei Mal Unfallflucht"},"content":{"rendered":"<p>Am Sonntag haben sich in <a href=\"https:\/\/www.abendzeitung-muenchen.de\/muenchen\/\" target=\"_blank\" rel=\"noopener\">M\u00fcnchen<\/a> drei E-Scooter-Unf\u00e4lle mit verletzten Personen ereignet, in zwei F\u00e4llen haben sich die Verursacher unerlaubt vom Unfallort entfernt.<\/p>\n<p>Im ersten Fall wurde eine 28-j\u00e4hrige Fahrradfahrerin am Sonntagnachmittag auf dem Radweg der Heinrich-Wieland-Stra\u00dfe von zwei jungen M\u00e4dchen auf einem E-Scooter \u00fcberholt. Dabei wurde der Lenker der 28-J\u00e4hrigen gestreift, diese kam zu Fall und zog sich beim Sturz leichte Verletzungen im Gesicht und an den H\u00e4nden zu. Sie wurden vom Rettungsdienst in ein Krankenhaus gebracht.<\/p>\n<p><img decoding=\"async\" src=\"https:\/\/www.abendzeitung-muenchen.de\/design\/images\/muc_silhouette_short.svg\"\/><\/p>\n<p>Die beiden M\u00e4dchen auf dem E-Scooter hielten an, sprachen kurz mit der gest\u00fcrzten Radlerin, verschwanden dann aber, ohne mit der 28-J\u00e4hrigen die Personalien auszutauschen.<\/p>\n<p>M\u00fcnchen: Zwei M\u00e4nner auf E-Scooter fahren in Pkw, ergreifen die Flucht und werden handgreiflich<\/p>\n<p>Ein zweiter Unfall ereignete sich bereits am fr\u00fchen Sonntagmorgen kurz vor 5 Uhr. Ein 56-J\u00e4hriger aus M\u00fcnchen war mit seinem Pkw auf der Dachauer Stra\u00dfe stadteinw\u00e4rts unterwegs.<\/p>\n<p>Zu dieser Zeit fuhren zwei bislang unbekannte M\u00e4nner auf einem E-Scooter verbotswidrig auf dem linken Radweg der Dachauer Stra\u00dfe ebenfalls in Fahrtrichtung stadteinw\u00e4rts.<\/p>\n<p>An der Kreuzung zur Heideckstra\u00dfe \u00fcberfuhr der E-Scooter-Fahrer eine rote Ampel und in den Kreuzungsbereich hinein. Dort kollidierte er mit der linken Fahrzeugseite des 56-J\u00e4hrigen, wodurch der Pkw leicht besch\u00e4digt wurde.<\/p>\n<p>Nach dem Unfall ergriffen der E-Scooter-Fahrer mit seinem Gef\u00e4hrt und sein Mitfahrer zu Fu\u00df die Flucht in Richtung Heideckstra\u00dfe. Der 56-J\u00e4hrige, der sein Fahrzeug nach dem Unfall verlassen hatte, nahm die Verfolgung der beiden Fl\u00fcchtigen auf, wurde dabei aber vom Mitfahrer des E-Scooters zu Boden gesto\u00dfen. Der Autofahrer zog sich dabei leichte Verletzungen zu. Nachdem er sich wieder berappelt hatte, w\u00e4hlte der 56-J\u00e4hrige den Notruf.<\/p>\n<p><strong>Die fl\u00fcchtigen Personen wurden wie folgt beschrieben:<br \/>Fahrer:<\/strong> M\u00e4nnlich, ca. 20 Jahre alt, ca. 180 cm gro\u00df, athletische Figur, s\u00fcdeurop\u00e4ische Erscheinung, kurze dunkle Haare, seitlich rasiert; kurz\u00e4rmelige Oberbekleidung.<br \/><strong>Mitfahrer:<\/strong> M\u00e4nnlich, ca. 180 cm gro\u00df, athletische Figur, s\u00fcdeurop\u00e4ische Erscheinung, schwarze mittellange Haare mit Seitenscheitel, schwarzer Schnauzer, schwarzer Kinnbart; schwarzes lang\u00e4rmeliges Hemd; au\u00dferdem hatte er eine Platzwunde im Gesicht rechts an der Lippe.<\/p>\n<p><strong>Zeugenaufruf:<\/strong> Personen, die sachdienliche Hinweise zum Unfallhergang machen k\u00f6nnen, werden gebeten, sich mit dem Unfallkommando, Tegernseer Landstra\u00dfe 210, 81549 M\u00fcnchen Tel.: 089\/6216-3322, in Verbindung zu setzen.<\/p>\n<p>69-j\u00e4hriger E-Scooter-Fahrer st\u00fcrzt und verletzt sich schwer<\/p>\n<p>Beim dritten Unfall kam ein 69-J\u00e4hriger aus M\u00fcnchen in Harlaching am Sonntagnachmittag zu Fall. Der Mann war mit einem E-Scooter in Richtung Thalkirchen unterwegs. In einer Rechtskurve mit deutlichem Gef\u00e4lle verlor der 69-J\u00e4hrige die Kontrolle \u00fcber sein Gef\u00e4hrt. Es kam zum Sturz, bei dem der Mann noch einige Meter \u00fcber die Fahrbahn schlitterte und dann bewusstlos zum Liegen kam. Dabei zog er sich ein Sch\u00e4del-Hirn-Trauma und Prellungen zu.\u00a0<\/p>\n<p>Der 69-J\u00e4hrige wurde vom hinzugezogenen Rettungsdienst in ein Krankenhaus gebracht, wo er station\u00e4r behandelt wurde. Nach derzeitigem Stand der Ermittlungen gibt es keine Anhaltspunkte f\u00fcr einen Zusammensto\u00df oder einer anderen Einwirkung durch Dritte.<\/p>\n","protected":false},"excerpt":{"rendered":"Am Sonntag haben sich in M\u00fcnchen drei E-Scooter-Unf\u00e4lle mit verletzten Personen ereignet, in zwei F\u00e4llen haben sich die&hellip;\n","protected":false},"author":2,"featured_media":195191,"comment_status":"","ping_status":"","sticky":false,"template":"","format":"standard","meta":{"footnotes":""},"categories":[1827],"tags":[772,29,8367,30,1268,2624,18270,3258],"class_list":{"0":"post-195190","1":"post","2":"type-post","3":"status-publish","4":"format-standard","5":"has-post-thumbnail","7":"category-muenchen","8":"tag-bayern","9":"tag-deutschland","10":"tag-e-scooter","11":"tag-germany","12":"tag-muenchen","13":"tag-unfaelle","14":"tag-unfallflucht","15":"tag-verletzte"},"share_on_mastodon":{"url":"https:\/\/pubeurope.com\/@de\/114694065049305632","error":""},"_links":{"self":[{"href":"https:\/\/www.europesays.com\/de\/wp-json\/wp\/v2\/posts\/195190","targetHints":{"allow":["GET"]}}],"collection":[{"href":"https:\/\/www.europesays.com\/de\/wp-json\/wp\/v2\/posts"}],"about":[{"href":"https:\/\/www.europesays.com\/de\/wp-json\/wp\/v2\/types\/post"}],"author":[{"embeddable":true,"href":"https:\/\/www.europesays.com\/de\/wp-json\/wp\/v2\/users\/2"}],"replies":[{"embeddable":true,"href":"https:\/\/www.europesays.com\/de\/wp-json\/wp\/v2\/comments?post=195190"}],"version-history":[{"count":0,"href":"https:\/\/www.europesays.com\/de\/wp-json\/wp\/v2\/posts\/195190\/revisions"}],"wp:featuredmedia":[{"embeddable":true,"href":"https:\/\/www.europesays.com\/de\/wp-json\/wp\/v2\/media\/195191"}],"wp:attachment":[{"href":"https:\/\/www.europesays.com\/de\/wp-json\/wp\/v2\/media?parent=195190"}],"wp:term":[{"taxonomy":"category","embeddable":true,"href":"https:\/\/www.europesays.com\/de\/wp-json\/wp\/v2\/categories?post=195190"},{"taxonomy":"post_tag","embeddable":true,"href":"https:\/\/www.europesays.com\/de\/wp-json\/wp\/v2\/tags?post=195190"}],"curies":[{"name":"wp","href":"https:\/\/api.w.org\/{rel}","templated":true}]}}