{"id":195310,"date":"2025-06-16T17:49:09","date_gmt":"2025-06-16T17:49:09","guid":{"rendered":"https:\/\/www.europesays.com\/de\/195310\/"},"modified":"2025-06-16T17:49:09","modified_gmt":"2025-06-16T17:49:09","slug":"dreispurig-oder-zweispurig-wie-soll-die-neue-carolabruecke-aussehen","status":"publish","type":"post","link":"https:\/\/www.europesays.com\/de\/195310\/","title":{"rendered":"Dreispurig oder zweispurig? &#8211; Wie soll die neue Carolabr\u00fccke aussehen?"},"content":{"rendered":"<p class=\"text\">\nDer Bauausschuss der Stadt Dresden will am Montagabend \u00fcber den geplanten Ersatzneubau der Carolabr\u00fccke beraten. Ob eine endg\u00fcltige Entscheidung f\u00fcr den Neubau f\u00e4llt, ist jedoch offen. Am Donnerstag soll dann der Stadtrat entscheiden, wie die neue Carolabr\u00fccke aussehen soll.\n<\/p>\n<p class=\"text\">\nBereits in der letzten Sitzung des Bauausschusses vor zwei Wochen wurde <a href=\"https:\/\/www.mdr.de\/nachrichten\/sachsen\/dresden\/dresden-radebeul\/carolabruecke-neubau-bauausschuss-entscheidung-100.html\" title=\"Carolabr\u00fccke in Dresden: Entscheidung \u00fcber Neubau vertagt - Abbruchkonzept steht\" target=\"_blank\" rel=\"noopener\">eine Beschlussfassung vertagt<\/a>. Es gibt weiterhin Uneinigkeit zwischen den Fraktionen, welche Form und Ausf\u00fchrung die Br\u00fccke haben soll.\n<\/p>\n<p>Zweispurig oder dreispurig?<\/p>\n<p class=\"text\">\nBei der Debatte geht es unter anderem um die Frage, wie viele Autospuren die Br\u00fccke bekommen soll. W\u00e4hrend Wirtschaftsverb\u00e4nde wie die Handelskammer sich f\u00fcr eine vierspurige L\u00f6sung stark machen, w\u00fcnschen sich <a href=\"https:\/\/www.mdr.de\/nachrichten\/sachsen\/dresden\/demo-fridays-for-future-carolabruecke-100.html\" title=\"Demo in Dresden: Fridays for Future fordert mehr Platz f\u00fcr Radfahrer auf neuer Carolabr\u00fccke\" target=\"_blank\" rel=\"noopener\">Klimasch\u00fctzer, Gr\u00fcne und Linke eine Br\u00fccke mit zwei Spuren<\/a> und viel Platz f\u00fcr Radfahrende.<\/p>\n","protected":false},"excerpt":{"rendered":"Der Bauausschuss der Stadt Dresden will am Montagabend \u00fcber den geplanten Ersatzneubau der Carolabr\u00fccke beraten. Ob eine endg\u00fcltige&hellip;\n","protected":false},"author":2,"featured_media":195311,"comment_status":"","ping_status":"","sticky":false,"template":"","format":"standard","meta":{"footnotes":""},"categories":[1835],"tags":[13426,3364,29,2386,30,5544,81,1466,14,859,64404,55],"class_list":{"0":"post-195310","1":"post","2":"type-post","3":"status-publish","4":"format-standard","5":"has-post-thumbnail","7":"category-dresden","8":"tag-carolabruecke","9":"tag-de","10":"tag-deutschland","11":"tag-dresden","12":"tag-germany","13":"tag-infrastruktur","14":"tag-mdr","15":"tag-mobilitaet","16":"tag-nachrichten","17":"tag-sachsen","18":"tag-varianten","19":"tag-wirtschaft"},"share_on_mastodon":{"url":"https:\/\/pubeurope.com\/@de\/114694308735657867","error":""},"_links":{"self":[{"href":"https:\/\/www.europesays.com\/de\/wp-json\/wp\/v2\/posts\/195310","targetHints":{"allow":["GET"]}}],"collection":[{"href":"https:\/\/www.europesays.com\/de\/wp-json\/wp\/v2\/posts"}],"about":[{"href":"https:\/\/www.europesays.com\/de\/wp-json\/wp\/v2\/types\/post"}],"author":[{"embeddable":true,"href":"https:\/\/www.europesays.com\/de\/wp-json\/wp\/v2\/users\/2"}],"replies":[{"embeddable":true,"href":"https:\/\/www.europesays.com\/de\/wp-json\/wp\/v2\/comments?post=195310"}],"version-history":[{"count":0,"href":"https:\/\/www.europesays.com\/de\/wp-json\/wp\/v2\/posts\/195310\/revisions"}],"wp:featuredmedia":[{"embeddable":true,"href":"https:\/\/www.europesays.com\/de\/wp-json\/wp\/v2\/media\/195311"}],"wp:attachment":[{"href":"https:\/\/www.europesays.com\/de\/wp-json\/wp\/v2\/media?parent=195310"}],"wp:term":[{"taxonomy":"category","embeddable":true,"href":"https:\/\/www.europesays.com\/de\/wp-json\/wp\/v2\/categories?post=195310"},{"taxonomy":"post_tag","embeddable":true,"href":"https:\/\/www.europesays.com\/de\/wp-json\/wp\/v2\/tags?post=195310"}],"curies":[{"name":"wp","href":"https:\/\/api.w.org\/{rel}","templated":true}]}}