{"id":195314,"date":"2025-06-16T17:51:15","date_gmt":"2025-06-16T17:51:15","guid":{"rendered":"https:\/\/www.europesays.com\/de\/195314\/"},"modified":"2025-06-16T17:51:15","modified_gmt":"2025-06-16T17:51:15","slug":"schweisser-von-tonnenschwerem-tisch-erschlagen","status":"publish","type":"post","link":"https:\/\/www.europesays.com\/de\/195314\/","title":{"rendered":"Schwei\u00dfer von tonnenschwerem Tisch erschlagen"},"content":{"rendered":"<p>T\u00f6dlicher Arbeitsunfall in Bremen <\/p>\n<p>Schwei\u00dfer von tonnenschwerem Tisch erschlagen<\/p>\n<p>16.06.2025 &#8211; 19:11 UhrLesedauer: 1 Min.<\/p>\n<p><a href=\"#focus-0\" class=\"transition-colors duration-200 focus-within:text-magenta block text-current relative\" data-sctrack=\"FocusGalleryImage.Reference\"><img fetchpriority=\"high\" data-testid=\"Opener.Image\" style=\"--lqipURL:url('https:\/\/images.t-online.de\/2025\/06\/vJR31YgsbBjG\/0x1134:2448x1377\/fit-in\/150x0\/filters:blur(25)\/welder-publicationxinxgerxsuixautxonly-copyright-xcidx-panthermedia00430963.jpg')\"   loading=\"eager\" src=\"https:\/\/www.europesays.com\/de\/wp-content\/uploads\/2025\/06\/welder-publicationxinxgerxsuixautxonly-copyright-xcidx-panthermedia00430963.jpg\" alt=\"imago 86947290\" title=\"imago 86947290\" width=\"2448\" height=\"1377\" class=\"bg-[url:var(--lqipURL)] bg-cover bg-center flex w-full max-w-full h-full\" decoding=\"async\"\/><img style=\"--width:32;--height:32\" loading=\"lazy\" src=\"https:\/\/www.t-online.de\/s\/paper\/_next\/static\/media\/zoom-in.f7dae02f.svg\" alt=\"Vergr\u00f6\u00dfern des Bildes\" title=\"Vergr\u00f6\u00dfern des Bildes\" class=\"&#10;        block&#10;        h-[calc(var(--height)_\/_16_*_1rem)]&#10;        w-[calc(var(--width)_\/_16_*_1rem)]&#10;        max-w-none&#10;        absolute bottom-8 right-8 rounded-4 bg-snow p-8\" decoding=\"async\"\/><\/a><\/p>\n<p>Die Flamme eines Schwe\u00dfbrenners (Symbolbild): In einme Bremer Betrieb klam es zu einem tragischen Unfall. (Quelle: cid\/imago)<\/p>\n<p class=\"font-bold text-18 leading-17\">In einem Bremer Stahlbetrieb ereignet sich ein t\u00f6dlicher Arbeitsunfall. Ein 49-j\u00e4hriger Schwei\u00dfer stirbt, als ein mehrere Tonnen schwerer Tisch auf ihn st\u00fcrzt.<\/p>\n<p class=\"text-18 leading-17\">Ein 49-j\u00e4hriger Arbeiter ist in einem Stahlbetrieb in <a class=\"transition-colors duration-200 cursor-pointer text-inherit no-underline text-salemsfur md:hover:text-magenta md:hover:border-magenta md:focus:text-magenta border-current border-b border-solid break-words\" href=\"https:\/\/www.t-online.de\/region\/bremen\/\" data-sctrack=\"BodyAnchor\" rel=\"nofollow noopener\" target=\"_blank\">Bremen<\/a> von einem Schwei\u00dftisch erschlagen worden. Der mehrere Tonnen schwere Tisch st\u00fcrzte am Vormittag auf den Mann, als dieser daran Schwei\u00dfarbeiten durchf\u00fchrte, teilte die Polizei mit.<\/p>\n<p class=\"text-18 leading-17\">Der Schwei\u00dfer erlitt so schwere Verletzungen, dass er noch vor Ort verstarb. Ein Seelsorger betreute die Kollegen des Verungl\u00fcckten. Die genaue Unfallursache ist bislang unklar.<\/p>\n<p class=\"text-18 leading-17\">Die Kriminalpolizei und die Gewerbeaufsicht haben die Ermittlungen aufgenommen. Sie untersuchen nun, wie es zu dem t\u00f6dlichen Arbeitsunfall kommen konnte.<\/p>\n","protected":false},"excerpt":{"rendered":"T\u00f6dlicher Arbeitsunfall in Bremen Schwei\u00dfer von tonnenschwerem Tisch erschlagen 16.06.2025 &#8211; 19:11 UhrLesedauer: 1 Min. Die Flamme eines&hellip;\n","protected":false},"author":2,"featured_media":195315,"comment_status":"","ping_status":"","sticky":false,"template":"","format":"standard","meta":{"footnotes":""},"categories":[1824],"tags":[722,17161,5184,2420,3364,29,30,64405],"class_list":{"0":"post-195314","1":"post","2":"type-post","3":"status-publish","4":"format-standard","5":"has-post-thumbnail","7":"category-bremen","8":"tag-722","9":"tag-17161","10":"tag-arbeitsunfall","11":"tag-bremen","12":"tag-de","13":"tag-deutschland","14":"tag-germany","15":"tag-stahlbetrieb"},"share_on_mastodon":{"url":"https:\/\/pubeurope.com\/@de\/114694316665782653","error":""},"_links":{"self":[{"href":"https:\/\/www.europesays.com\/de\/wp-json\/wp\/v2\/posts\/195314","targetHints":{"allow":["GET"]}}],"collection":[{"href":"https:\/\/www.europesays.com\/de\/wp-json\/wp\/v2\/posts"}],"about":[{"href":"https:\/\/www.europesays.com\/de\/wp-json\/wp\/v2\/types\/post"}],"author":[{"embeddable":true,"href":"https:\/\/www.europesays.com\/de\/wp-json\/wp\/v2\/users\/2"}],"replies":[{"embeddable":true,"href":"https:\/\/www.europesays.com\/de\/wp-json\/wp\/v2\/comments?post=195314"}],"version-history":[{"count":0,"href":"https:\/\/www.europesays.com\/de\/wp-json\/wp\/v2\/posts\/195314\/revisions"}],"wp:featuredmedia":[{"embeddable":true,"href":"https:\/\/www.europesays.com\/de\/wp-json\/wp\/v2\/media\/195315"}],"wp:attachment":[{"href":"https:\/\/www.europesays.com\/de\/wp-json\/wp\/v2\/media?parent=195314"}],"wp:term":[{"taxonomy":"category","embeddable":true,"href":"https:\/\/www.europesays.com\/de\/wp-json\/wp\/v2\/categories?post=195314"},{"taxonomy":"post_tag","embeddable":true,"href":"https:\/\/www.europesays.com\/de\/wp-json\/wp\/v2\/tags?post=195314"}],"curies":[{"name":"wp","href":"https:\/\/api.w.org\/{rel}","templated":true}]}}