{"id":195317,"date":"2025-06-16T17:53:11","date_gmt":"2025-06-16T17:53:11","guid":{"rendered":"https:\/\/www.europesays.com\/de\/195317\/"},"modified":"2025-06-16T17:53:11","modified_gmt":"2025-06-16T17:53:11","slug":"buergergeld-arbeitsloser-fordert-steuernachlass-auf-essen","status":"publish","type":"post","link":"https:\/\/www.europesays.com\/de\/195317\/","title":{"rendered":"B\u00fcrgergeld: Arbeitsloser fordert Steuernachlass &#8211; &#8222;Auf Essen&#8220;"},"content":{"rendered":"<p>\u201eHartz und Herzlich\u201c und \u201eArmes Deutschland\u201c geh\u00f6ren zu den beliebtesten Sozialhilfe-Dokuserien Deutschlands. Der Alltag von B\u00fcrgergeld-Empf\u00e4ngern bietet eine spannende Storyline f\u00fcr Millionen von Zuschauern.<\/p>\n<p>In der \u201eHartz und Herzlich\u201c-Folge \u201eKontosperrung\u201c, die am Freitag (20. Juni) ausgestrahlt wird, stehen die Protagonisten Maik und Janett vor einer gro\u00dfen Herausforderung. <\/p>\n<p>B\u00fcrgergeld: Janett und Maik in Notsituation<\/p>\n<p>Das Interesse der Zuschauer am Leben von B\u00fcrgergeld-Empf\u00e4ngerin wird auch nach all den Jahren nicht weniger. Zu den Protagonisten der Sendung geh\u00f6ren auch Maik und Janett, die seit mittlerweile 14 Jahren verheiratet sind. Aufgrund von zu hohen Ausgaben wurde nun jedoch Janetts Konto \u00fcberraschend gesperrt. Wenn das Ehepaar nicht schnellstens ein neues Konto er\u00f6ffnet, kann es sein Geld vom Sozialamt nicht erhalten.<\/p>\n<p>Gemeinsam hat das Paar 700 Euro im Monat zur Verf\u00fcgung. Wenn Janetts Grundsicherung wegf\u00e4llt, fehlt dem Paar die H\u00e4lfte der Summe. Maik fasst besorgt zusammen: \u201eWir w\u00e4ren am Arsch!\u201c Sofort macht sich das Paar auf den Weg, um ein neues Bankkonto zu er\u00f6ffnen. W\u00e4hrend Janett Gespr\u00e4che mit den Mitarbeitern f\u00fchrt, regt sich Maik \u00fcber die Beitr\u00e4ge auf.<\/p>\n<p>+++ <a href=\"https:\/\/www.derwesten.de\/panorama\/promi-tv\/buergergeld-hartz4-nebentaetigkeit-jobcenter-ueber-id301629416.html\" target=\"_blank\" rel=\"noreferrer noopener\">B\u00fcrgergeld: Arbeitsloser lacht \u00fcber Steuerzahler \u2013 \u201eFu\u00dfvolk\u201c<\/a> +++ <\/p>\n<p>Genau wie B\u00fcrgergeld-Empf\u00e4nger profitieren Maik und Janett von vielen Verg\u00fcnstigungen. Maik beschwert sich dennoch: \u201eDie Beitr\u00e4ge sind zu hoch. Die betragen manchmal 6 bis 7 Euro. F\u00fcr die Hartz4-Empf\u00e4nger sollte man das abschaffen. Die, die Geld haben, k\u00f6nnen das ruhig machen. Aber ich hab kein Geld.\u201c Und weiter: \u201eUnd was noch sein m\u00fcsste, die Steuern. Auf Wurst und so zahlt man \u00fcberall darauf steuern. Egal was man einkauft. Das muss weg. Schei\u00df Steuern gehen mir richtig auf den Keks.\u201c<\/p>\n<p>Maik hat direkt noch einen Vorschlag parat: \u201eDa k\u00f6nnen sie mir doch auch mal die Steuern auf Essen erm\u00e4\u00dfigen. Die Steuern auf Briefmarken. Man muss da auch Geld f\u00fcr zahlen.\u201c Janett kommt mit guten Neuigkeiten aus dem Bankgeb\u00e4ude, die \u201eHartz und Herzlich\u201c-Protagonistin konnte ein neues Konto er\u00f6ffnen. Doch \u00fcber die Kontogeb\u00fchr von f\u00fcnf Euro beschwert sich Maik mit den Worten: \u201eDas ist doch auch schon wieder viel.\u201c<\/p>\n<p>Im Gro\u00dfen und Ganzen zeigen sich Maik und Janett jedoch dankbar f\u00fcr die staatliche Unterst\u00fctzung. \u201eDass wir Hartz4 bekommen ist echt gut\u201c, bekr\u00e4ftigt Maik und ist sich bewusst dar\u00fcber, dass viele Menschen in anderen L\u00e4ndern dieses Gl\u00fcck nicht haben.<\/p>\n","protected":false},"excerpt":{"rendered":"\u201eHartz und Herzlich\u201c und \u201eArmes Deutschland\u201c geh\u00f6ren zu den beliebtesten Sozialhilfe-Dokuserien Deutschlands. Der Alltag von B\u00fcrgergeld-Empf\u00e4ngern bietet eine&hellip;\n","protected":false},"author":2,"featured_media":195318,"comment_status":"","ping_status":"","sticky":false,"template":"","format":"standard","meta":{"footnotes":""},"categories":[1834],"tags":[384,3364,29,3688,30,1209],"class_list":{"0":"post-195317","1":"post","2":"type-post","3":"status-publish","4":"format-standard","5":"has-post-thumbnail","7":"category-essen","8":"tag-buergergeld","9":"tag-de","10":"tag-deutschland","11":"tag-essen","12":"tag-germany","13":"tag-nordrhein-westfalen"},"share_on_mastodon":{"url":"https:\/\/pubeurope.com\/@de\/114694324495445473","error":""},"_links":{"self":[{"href":"https:\/\/www.europesays.com\/de\/wp-json\/wp\/v2\/posts\/195317","targetHints":{"allow":["GET"]}}],"collection":[{"href":"https:\/\/www.europesays.com\/de\/wp-json\/wp\/v2\/posts"}],"about":[{"href":"https:\/\/www.europesays.com\/de\/wp-json\/wp\/v2\/types\/post"}],"author":[{"embeddable":true,"href":"https:\/\/www.europesays.com\/de\/wp-json\/wp\/v2\/users\/2"}],"replies":[{"embeddable":true,"href":"https:\/\/www.europesays.com\/de\/wp-json\/wp\/v2\/comments?post=195317"}],"version-history":[{"count":0,"href":"https:\/\/www.europesays.com\/de\/wp-json\/wp\/v2\/posts\/195317\/revisions"}],"wp:featuredmedia":[{"embeddable":true,"href":"https:\/\/www.europesays.com\/de\/wp-json\/wp\/v2\/media\/195318"}],"wp:attachment":[{"href":"https:\/\/www.europesays.com\/de\/wp-json\/wp\/v2\/media?parent=195317"}],"wp:term":[{"taxonomy":"category","embeddable":true,"href":"https:\/\/www.europesays.com\/de\/wp-json\/wp\/v2\/categories?post=195317"},{"taxonomy":"post_tag","embeddable":true,"href":"https:\/\/www.europesays.com\/de\/wp-json\/wp\/v2\/tags?post=195317"}],"curies":[{"name":"wp","href":"https:\/\/api.w.org\/{rel}","templated":true}]}}