{"id":195327,"date":"2025-06-16T17:58:09","date_gmt":"2025-06-16T17:58:09","guid":{"rendered":"https:\/\/www.europesays.com\/de\/195327\/"},"modified":"2025-06-16T17:58:09","modified_gmt":"2025-06-16T17:58:09","slug":"nach-der-hochzeit-begann-der-krieg-weiss-nicht-wie-ich-zurueck-nach-duesseldorf-kommen-soll","status":"publish","type":"post","link":"https:\/\/www.europesays.com\/de\/195327\/","title":{"rendered":"Nach der Hochzeit begann der Krieg \u2013 \u201eWei\u00df nicht, wie ich zur\u00fcck nach D\u00fcsseldorf kommen soll\u201c"},"content":{"rendered":"<p class=\"text_ohne_einzug richtext text-em-55 !leading-serif mx-6 desktop:mx-0\">F\u00fcr Brigitte Kaiser-Afroune sollte es eine besondere Reise werden. Ein Wiedersehen nach l\u00e4ngerer Zeit aus ganz besonderem Anlass: der Hochzeit ihrer Enkelin Libi. Die junge Frau lebt in Tirat Carmel, einem Vorort von Haifa. \u201eDas Fest mit 400 Leuten vor gut einer Woche war gro\u00dfartig, ein unvergesslicher Tag\u201c, sagt die Pempelforterin.<\/p>\n","protected":false},"excerpt":{"rendered":"F\u00fcr Brigitte Kaiser-Afroune sollte es eine besondere Reise werden. Ein Wiedersehen nach l\u00e4ngerer Zeit aus ganz besonderem Anlass:&hellip;\n","protected":false},"author":2,"featured_media":195328,"comment_status":"","ping_status":"","sticky":false,"template":"","format":"standard","meta":{"footnotes":""},"categories":[1831],"tags":[64406,9170,21279,64410,3364,29,3405,64409,64407,30,1292,7006,64411,64408,1209,4562,64412],"class_list":{"0":"post-195327","1":"post","2":"type-post","3":"status-publish","4":"format-standard","5":"has-post-thumbnail","7":"category-duesseldorf","8":"tag-afroune","9":"tag-ausreise","10":"tag-besondere","11":"tag-besonderem","12":"tag-de","13":"tag-deutschland","14":"tag-duesseldorf","15":"tag-enkelin","16":"tag-fraz","17":"tag-germany","18":"tag-hochzeit","19":"tag-janssen","20":"tag-laengerer","21":"tag-libi","22":"tag-nordrhein-westfalen","23":"tag-reise","24":"tag-wiedersehen"},"share_on_mastodon":{"url":"https:\/\/pubeurope.com\/@de\/114694344191331586","error":""},"_links":{"self":[{"href":"https:\/\/www.europesays.com\/de\/wp-json\/wp\/v2\/posts\/195327","targetHints":{"allow":["GET"]}}],"collection":[{"href":"https:\/\/www.europesays.com\/de\/wp-json\/wp\/v2\/posts"}],"about":[{"href":"https:\/\/www.europesays.com\/de\/wp-json\/wp\/v2\/types\/post"}],"author":[{"embeddable":true,"href":"https:\/\/www.europesays.com\/de\/wp-json\/wp\/v2\/users\/2"}],"replies":[{"embeddable":true,"href":"https:\/\/www.europesays.com\/de\/wp-json\/wp\/v2\/comments?post=195327"}],"version-history":[{"count":0,"href":"https:\/\/www.europesays.com\/de\/wp-json\/wp\/v2\/posts\/195327\/revisions"}],"wp:featuredmedia":[{"embeddable":true,"href":"https:\/\/www.europesays.com\/de\/wp-json\/wp\/v2\/media\/195328"}],"wp:attachment":[{"href":"https:\/\/www.europesays.com\/de\/wp-json\/wp\/v2\/media?parent=195327"}],"wp:term":[{"taxonomy":"category","embeddable":true,"href":"https:\/\/www.europesays.com\/de\/wp-json\/wp\/v2\/categories?post=195327"},{"taxonomy":"post_tag","embeddable":true,"href":"https:\/\/www.europesays.com\/de\/wp-json\/wp\/v2\/tags?post=195327"}],"curies":[{"name":"wp","href":"https:\/\/api.w.org\/{rel}","templated":true}]}}