{"id":195363,"date":"2025-06-16T18:19:18","date_gmt":"2025-06-16T18:19:18","guid":{"rendered":"https:\/\/www.europesays.com\/de\/195363\/"},"modified":"2025-06-16T18:19:18","modified_gmt":"2025-06-16T18:19:18","slug":"felix-stein-hat-einen-kleinen-sohn-5-und-seine-mama-ist-keine-unbekannte","status":"publish","type":"post","link":"https:\/\/www.europesays.com\/de\/195363\/","title":{"rendered":"Felix Stein hat einen kleinen Sohn (5) \u2013 und seine Mama ist keine Unbekannte"},"content":{"rendered":"<p>In Liebe getrennt, f\u00fcrs Kind vereintBachelor Felix Stein hat einen kleinen Sohn (5) \u2013 und die Mama ist keine Unbekannte <img alt=\"Felix Stein\" loading=\"lazy\" width=\"940\" height=\"529\" decoding=\"async\" data-nimg=\"1\" class=\"Image_image__SdgLQ Picture_image__vGN9W\" style=\"color:transparent\"   src=\"https:\/\/www.europesays.com\/de\/wp-content\/uploads\/2025\/06\/felix-stein.webp.webp\"\/><\/p>\n<p>Felix Stein sucht als einer der beiden neuen Bachelors nach seiner Traumfrau. <\/p>\n<p>RTL<\/p>\n<p class=\"Typography_text-default__wldUd Typography_align-left__koBUM AnnotatedMarkup_paragraph__IUT9l\"><strong>Nicht ohne meinen Sohn!<\/strong><br \/>Bei \u201eDie Bachelors\u201d sucht Felix Stein aktuell als einer von zwei Rosenkavalieren die Frau f\u00fcrs Leben. Doch ER steht f\u00fcr den Junggesellen immer im Vordergrund: Felix\u2019 f\u00fcnfj\u00e4hriger Sohn. Der ist n\u00e4mlich das gr\u00f6\u00dfte Gl\u00fcck im Leben des 32-J\u00e4hrigen. Obwohl Felix von der Mutter des Kleinen getrennt ist, ist der Bachelor alles andere als ein \u201eWochenendvater\u201d, wie er im RTL-Interview betont. Apropos Mutter: Die ehemalige Herzdame von Felix hat einen ziemlich ber\u00fchmten Bruder.<\/p>\n<p>Bachelor Felix sieht seinen Sohn \u201ejeden Tag\u201d<\/p>\n<p class=\"Typography_text-default__wldUd Typography_align-left__koBUM AnnotatedMarkup_paragraph__IUT9l\">\u201eSie ist eine ganz tolle Mutter. Ich glaub\u2019, ich kann sagen, ich bin ein ganz toller Vater. Insofern wir wissen, das Wichtigste ist der Kleine und genauso machen wir das auch.\u201c Als wir <a href=\"https:\/\/www.rtl.de\/sendungen\/der-bachelor\/die-bachelors-2025-felix-stein-und-martin-braun-wollen-in-neuer-staffel-ihr-glueck-finden-id4348632.html\" target=\"_self\" rel=\"nofollow noopener\">Felix Stein<\/a> in S\u00fcdafrika zum Interview treffen, wird schnell klar, dass er und seine Ex f\u00fcr ihr gemeinsames Kind zusammenhalten.<strong> \u201eDadurch, dass ich ihn jeden Tag sehe, habe ich \u00fcberhaupt nicht das Gef\u00fchl, dass ich so ein Wochenend-Vater bin\u201c<\/strong>, so der 32-J\u00e4hrige stolz.<\/p>\n<p class=\"Typography_text-default__wldUd Typography_align-left__koBUM AnnotatedMarkup_paragraph__IUT9l\"><strong>Lese-Tipp:<\/strong> <a href=\"https:\/\/www.rtl.de\/sendungen\/der-bachelor\/die-bachelors-2025-was-ihre-kids-von-der-tv-teilnahme-halten-id4411855.html\" target=\"_self\" rel=\"nofollow noopener\">Das ist ja Papa, da im Fernsehen! Was sagen eure Kids zur TV-Teilnahme, Bachelors?<\/a><\/p>\n<p>J\u00e9r\u00f4me Boateng ist der Bruder von Felix\u2019 Ex<\/p>\n<p class=\"Typography_text-default__wldUd Typography_align-left__koBUM AnnotatedMarkup_paragraph__IUT9l\">Aber wer ist denn nun eigentlich die Mama von Felix\u2019 kleinem Sohn? Niemand Geringeres als die Schwester von Kicker <a href=\"https:\/\/www.rtl.de\/themen\/personen\/jerome-boateng-t12192.html\" target=\"_self\" rel=\"nofollow noopener\">J\u00e9r\u00f4me Boateng<\/a> und Halbschwester von Kevin-Prince!<\/p>\n<p class=\"Typography_text-default__wldUd Typography_align-left__koBUM AnnotatedMarkup_paragraph__IUT9l\"><strong>Lese-Tipp:<\/strong> <a href=\"https:\/\/www.rtl.de\/unterhaltung\/stars\/jerome-boateng-urteil-verkuendet-fussballstar-kommt-mit-verwarnung-davon-id1686026.html\" target=\"_self\" rel=\"nofollow noopener\">Der J\u00e9r\u00f4me-Boateng-Prozess hat ein Ende: DAS ist das Urteil<\/a><\/p>\n<p>Anzeige:<\/p>\n<p>Empfehlungen unserer Partner<\/p>\n<p>Bachelor hat keinen Kontakt zu den Boateng-Br\u00fcdern<\/p>\n<p class=\"Typography_text-default__wldUd Typography_align-left__koBUM AnnotatedMarkup_paragraph__IUT9l\">Zu den ber\u00fchmten Br\u00fcdern seiner Ex hat Felix allerdings keinen Kontakt: <strong>\u201eEs gibt kein Verh\u00e4ltnis zu ihrer Familie. Ich habe mit ihr, ihrer Mutter und dem Kleinen zu tun. Zu ihren Br\u00fcdern ist kein Kontakt da. Ich sehe ihre Br\u00fcder nicht.\u201c<\/strong><\/p>\n<p class=\"Typography_text-default__wldUd Typography_align-left__koBUM AnnotatedMarkup_paragraph__IUT9l\"><strong>Lese-Tipp:<\/strong> <a href=\"https:\/\/www.rtl.de\/sendungen\/der-bachelor\/die-bachelors-2025-klartext-sind-martin-braun-und-felix-stein-kumpels-oder-konkurrenten-id4409640.html\" target=\"_self\" rel=\"nofollow noopener\">H\u00e4ttet ihr das Liebesabenteuer doch lieber alleine durchgezogen, liebe Bachelors?<\/a><\/p>\n<p><img alt=\"Das Berliner Kamergericht urteilte zugunsten des Fu\u00dfballprofis J\u00e9r\u00f4me Boateng. (Archivbild)\" loading=\"lazy\" width=\"940\" height=\"529\" decoding=\"async\" data-nimg=\"1\" class=\"Image_image__SdgLQ Picture_image__vGN9W\" style=\"color:transparent\"   src=\"https:\/\/www.europesays.com\/de\/wp-content\/uploads\/2025\/06\/das-berliner-kamergericht-urteilte-zugunsten-des-fuballprofis-jerome-boateng-archivbild.webp.webp\"\/><\/p>\n<p>J\u00e9r\u00f4me Boateng vor Gericht: Der Fu\u00dfballstar hat in der letzten Zeit nicht unbedingt f\u00fcr positive Schlagzeilen gesorgt. <\/p>\n<p>Peter Kneffel\/dpa<\/p>\n<p class=\"Typography_text-default__wldUd Typography_align-left__koBUM AnnotatedMarkup_paragraph__IUT9l\">Wichtig ist am Ende ja auch nur, dass der Kleine bestm\u00f6glich umsorgt ist \u2013 und das scheint hier der Fall zu sein. Obwohl Felix und seine Ex nichts mehr f\u00fcreinander empfinden, halten sie zum Wohle des Keinen zusammen. <strong>\u201eSie hat mich unterst\u00fctzt. F\u00fcr unseren Sohn sind wir noch ein gutes Team\u201c<\/strong>, so Felix.<\/p>\n<p>Video-Tipp: F\u00fcr die Bachelors kommen die Kids an erster Stelle<\/p>\n<p>02:11 min<\/p>\n<p>Die Bachelors treffen zum ersten Mal aufeinander<\/p>\n<p>Hier herrscht schon ein ganz besonderer Vibe<\/p>\n<p>\u201eDie Bachelors\u201d 2025 bei RTL und auf RTL+ sehen<\/p>\n<p class=\"Typography_text-default__wldUd Typography_align-left__koBUM AnnotatedMarkup_paragraph__IUT9l\">Ihr wollt das wilde Liebesabenteuer von Martin und Felix in vollen Z\u00fcgen genie\u00dfen? Wie gut, dass ihr <a rel=\"noopener nofollow\" href=\"https:\/\/plus.rtl.de\/video-tv\/shows\/der-bachelor-133145?utm_campaign=textlink&amp;utm_source=rtl&amp;utm_medium=owned&amp;utm_term=der-bachelor&amp;utm_content=4419437\" target=\"_blank\">die erste Folge von \u201eDie Bachelors\u201d schon jetzt auf RTL+ streamen k\u00f6nnt!<\/a> Am 18. Juni startet die neue Bachelors-Staffel dann auch bei RTL im Free-TV.<\/p>\n","protected":false},"excerpt":{"rendered":"In Liebe getrennt, f\u00fcrs Kind vereintBachelor Felix Stein hat einen kleinen Sohn (5) \u2013 und die Mama ist&hellip;\n","protected":false},"author":2,"featured_media":195364,"comment_status":"","ping_status":"","sticky":false,"template":"","format":"standard","meta":{"footnotes":""},"categories":[1773],"tags":[64421,64423,64425,9810,64422,64424,29,64426,214,38302,30,52771,38301,471,1780,684,215],"class_list":{"0":"post-195363","1":"post","2":"type-post","3":"status-publish","4":"format-standard","5":"has-post-thumbnail","7":"category-serien","8":"tag-bachelor","9":"tag-bachelor-bewerberinnen","10":"tag-bachelors-2025","11":"tag-der-bachelor","12":"tag-der-bachelor-kandidatinnen","13":"tag-der-bachelor-rtl","14":"tag-deutschland","15":"tag-die-bachelors-2025","16":"tag-entertainment","17":"tag-felix-stein","18":"tag-germany","19":"tag-jerome-boateng","20":"tag-martin-braun","21":"tag-serien","22":"tag-series","23":"tag-tv","24":"tag-unterhaltung"},"share_on_mastodon":{"url":"https:\/\/pubeurope.com\/@de\/114694426750376854","error":""},"_links":{"self":[{"href":"https:\/\/www.europesays.com\/de\/wp-json\/wp\/v2\/posts\/195363","targetHints":{"allow":["GET"]}}],"collection":[{"href":"https:\/\/www.europesays.com\/de\/wp-json\/wp\/v2\/posts"}],"about":[{"href":"https:\/\/www.europesays.com\/de\/wp-json\/wp\/v2\/types\/post"}],"author":[{"embeddable":true,"href":"https:\/\/www.europesays.com\/de\/wp-json\/wp\/v2\/users\/2"}],"replies":[{"embeddable":true,"href":"https:\/\/www.europesays.com\/de\/wp-json\/wp\/v2\/comments?post=195363"}],"version-history":[{"count":0,"href":"https:\/\/www.europesays.com\/de\/wp-json\/wp\/v2\/posts\/195363\/revisions"}],"wp:featuredmedia":[{"embeddable":true,"href":"https:\/\/www.europesays.com\/de\/wp-json\/wp\/v2\/media\/195364"}],"wp:attachment":[{"href":"https:\/\/www.europesays.com\/de\/wp-json\/wp\/v2\/media?parent=195363"}],"wp:term":[{"taxonomy":"category","embeddable":true,"href":"https:\/\/www.europesays.com\/de\/wp-json\/wp\/v2\/categories?post=195363"},{"taxonomy":"post_tag","embeddable":true,"href":"https:\/\/www.europesays.com\/de\/wp-json\/wp\/v2\/tags?post=195363"}],"curies":[{"name":"wp","href":"https:\/\/api.w.org\/{rel}","templated":true}]}}