{"id":195365,"date":"2025-06-16T18:20:16","date_gmt":"2025-06-16T18:20:16","guid":{"rendered":"https:\/\/www.europesays.com\/de\/195365\/"},"modified":"2025-06-16T18:20:16","modified_gmt":"2025-06-16T18:20:16","slug":"ikkimel-und-sxtn-reagieren-auf-deutsch-rap-zoff-um-fotzen-feminismus","status":"publish","type":"post","link":"https:\/\/www.europesays.com\/de\/195365\/","title":{"rendered":"Ikkimel und SXTN reagieren auf Deutsch-Rap-Zoff um &#8222;Fotzen&#8220;-Feminismus"},"content":{"rendered":"<p><img decoding=\"async\" src=\"https:\/\/www.europesays.com\/de\/wp-content\/uploads\/2025\/06\/1455150980225678.jpeg\" fetchpriority=\"high\" width=\"2000\" height=\"1414\" alt=\"Entertainment,Influencer Dart WM 2025 16.05.2025, xdanx, Entertainment, Influencer Dart WM 2025 emspor, v.l. Melina Strau\" data-image-id=\"1455150980225678\" class=\"watson-snippet__image bg-grey-10 block h-auto w-full \"\/><\/p>\n<p>Rapperin Ikkimel eckt mit ihrem Reclaiming des Worts &#8222;Fotze&#8220; an.Bild: imago images \/ mix1<\/p>\n<p>watson antwortet<\/p>\n<p>Rapperin Ikkimel eckt mit ihrer Kunst an. Ihr Deb\u00fct-Album hei\u00dft &#8222;Fotze&#8220; \u2013 ein Begriff, den sie generell zu m\u00f6gen scheint. Doch reclaimt sie damit einen abwertenden Begriff \u2013 als Akt des Feminismus \u2013 oder reproduziert sie Sexismus? Zwei weibliche Rap-Ikonen melden sich nun und haben auch ihretwegen ordentlich Wut im Bauch.<\/p>\n<p>16.06.2025, 18:0516.06.2025, 18:05<\/p>\n<p><img decoding=\"async\" src=\"https:\/\/www.europesays.com\/de\/wp-content\/uploads\/2025\/04\/2187210476319572.jpeg\" alt=\"Dariusch Rimkus\" width=\"50\" height=\"50\" loading=\"lazy\" class=\"h-auto w-14 rounded-full\"\/><\/p>\n<p>Folgen<\/p>\n<p class=\"watson-snippet__text my-6 text-[16px] lg:text-[18px] leading-normal md:w-3\/5\">Rap war schon immer eines der polarisierendsten Musik-Genres \u2013 vor allem im verschnarchten Schland der Dichter und Denker: An dieser Stelle muss auch nicht gegendert werden. Deutschland legte lange keinen gro\u00dfen Wert auf seine weiblichen K\u00fcnstlerinnen. <\/p>\n<p class=\"watson-snippet__text my-6 text-[16px] lg:text-[18px] leading-normal md:w-3\/5\"><b>Auch innerhalb des Hiphops beherrschte (toxische) M\u00e4nnlichkeit lange das Game. Das Duo SXTN hingegen war eines der ersten wirklich erfolgreichen weiblichen Rap-Projekte.<\/b><\/p>\n<p class=\"watson-snippet__text my-6 text-[16px] lg:text-[18px] leading-normal md:w-3\/5\">Juju und Nuran machten sich frauenfeindliche Klischees zu eigen und wandelte diese in selbstbestimmte Botschaften um. Unter anderem nannten sie sich selbst h\u00e4ufig &#8222;Fotzen&#8220; \u2013 genau wie heutzutage Rapperin Ikkimel.<\/p>\n<p class=\"watson-snippet__text my-6 text-[16px] lg:text-[18px] leading-normal md:w-3\/5\">Doch wie feministisch ist diese Art des Raps wirklich? Und warum gibt es pl\u00f6tzlich Stress zwischen den \u00e4hnlichen Berliner Rapperinnen aus verschiedenen Generationen? Watson erkl\u00e4rt&#8217;s.<\/p>\n<p><img decoding=\"async\" src=\"https:\/\/www.europesays.com\/de\/wp-content\/uploads\/2025\/06\/5582111994091238.jpeg\" loading=\"lazy\" width=\"4499\" height=\"2532\" alt=\"19\/ SXTN, Rapperinnen Juju (Judith Wessendorf) Nura (Nura Habib Omer) beim Lollapalooza Festival im und am Olympiastadion am 09. September 2018. Hiphop, Hip-Hop, Rap Berlin Deutschland, Germany *** 19 ...\" data-image-id=\"5582111994091238\" class=\"watson-snippet__image bg-grey-10 block h-auto w-full \"\/><\/p>\n<p>Juju und Nura feierten als SXTN gro\u00dfe Erfolge.Bild: imago images\/ POP-EYE<\/p>\n<p>Ikkimel und SXTN: Kann &#8222;Fotze&#8220; feministisch sein?<\/p>\n<p class=\"watson-snippet__text my-6 text-[16px] lg:text-[18px] leading-normal md:w-3\/5\">Bereits zu SXTNs Hochzeiten zwischen 2014 und 2018 gab es Kritik an den beiden \u2013 und zwar nicht nur von slutshamenden M\u00e4nnern. Juju und Nura rappten \u00fcber sich als selbstbestimmte Fotzen und Bitches, die tun, was sie wollen. Es gab es zahlreiche Debatten-Beitr\u00e4ge dar\u00fcber, ob man ihren Rap als feministisches Werk einordnen kann. <\/p>\n<p>Feminismus-Diskussion um SXTN und Ikkimel<\/p>\n<p class=\"watson-snippet__text my-6 text-[16px] lg:text-[18px] leading-normal md:w-3\/5\">Die Bef\u00fcrworter:innen sagten damals: <b>Songs wie &#8222;Er will Sex&#8220; feiern die Selbstbestimmung von Frauen, Kritiker:innen wiederum stie\u00dfen sich an den zum Teil diskriminierenden Zeilen der beiden Frauen \u2013 und an ihrer \u00dcbernahme sexistischer Klischees.<\/b><\/p>\n<p class=\"watson-snippet__text my-6 text-[16px] lg:text-[18px] leading-normal md:w-3\/5\">\u00c4hnliches passiert heute rund um die Songs von Rapperin Ikkimel, die sich etwa im Song &#8222;Bikini Grell&#8220; die &#8222;allergr\u00f6\u00dfte Fotze der Stadt&#8220; nennt. Mittlerweile kennen fast alle halbwegs jungen Menschen die Newcomerin, die auch ihr im Februar ver\u00f6ffentlichtes Deb\u00fctalbum ausgerechnet &#8222;Fotze&#8220; nannte. <\/p>\n<p class=\"watson-snippet__text my-6 text-[16px] lg:text-[18px] leading-normal md:w-3\/5\">Selbst Monate sp\u00e4ter wird sowohl in Hiphop- als auch Feuilleton-Redaktionen flei\u00dfig in die Tasten gehackt, wenn es um lebensnah-pragmatische bis besonders geistreiche Begr\u00fcndungen daf\u00fcr geht, warum der Begriff &#8222;Fotze&#8220; bei Ikkimel feministisch ist \u2013 oder warum eben nicht. <\/p>\n<p>Ikkimel will ebenso wie SXTN selbstbestimmte &#8222;Fotze&#8220; sein<\/p>\n<p class=\"watson-snippet__text my-6 text-[16px] lg:text-[18px] leading-normal md:w-3\/5\">Die meisten Meinungen befinden sich jedoch wie so h\u00e4ufig in der ambivalenten Mitte. Auf der einen Seite wirken Ikkimels derbe Lyrics h\u00e4ufig willk\u00fcrlich aneinander gereiht, statt eine klare feministische Botschaft zu transportieren.<\/p>\n<p class=\"watson-snippet__text my-6 text-[16px] lg:text-[18px] leading-normal md:w-3\/5\">Andererseits: <b>Wie schon SXTN gibt auch Ikkimel wenig darauf, was ihr von au\u00dfen f\u00fcr Rollenbilder aufgezw\u00e4ngt werden, egal von wem.<\/b> Sie betont stets, dass sie einfach so ist, wie sie sein will \u2013 und betrachtet als Privatmensch ihr Alter-Ego &#8222;Ikkimel&#8220; sowieso nochmal mit k\u00fcnstlerischer Distanz. <\/p>\n<p class=\"watson-snippet__text my-6 text-[16px] lg:text-[18px] leading-normal md:w-3\/5\">Den Begriff &#8222;Fotze&#8220; und damit das Konzept selbstbestimmter Freiz\u00fcgigkeit und weiblicher Lust will sich Ikkimel jedenfalls nicht von alten sexistischen M\u00e4nnerschubladen kaputt machen lassen \u2013 und ihn quasi f\u00fcr die Frauen zur\u00fcckerobern. <\/p>\n<p>Ikkimel supportet Juju \u2013 die lacht dar\u00fcber: Gibt es Zoff?<\/p>\n<p class=\"watson-snippet__text my-6 text-[16px] lg:text-[18px] leading-normal md:w-3\/5\"><b>&#8222;Pionierarbeit&#8220; h\u00e4tten sie damals geleistet, schimpft nun pl\u00f6tzlich Juju und f\u00fchlt sich zu wenig respektiert.<\/b> Unterst\u00fctzung bekommt sie \u00fcberraschenderweise nach jahrelangen Spannungen von Nura \u2013 und von Ikkimel, der Nachfolgerin des feministischen Fotzen-Raps von SXTN. Doch Juju gef\u00e4llt das so gar nicht.<\/p>\n<p class=\"watson-snippet__text my-6 text-[16px] lg:text-[18px] leading-normal md:w-3\/5\">So postete sie k\u00fcrzlich in ihrer Insta-Story ein langes wutentbranntes Statement (in Gro\u00dfbuchstaben), in dem sie Respekt f\u00fcr sich und Nura einforderte. <b>&#8222;Keiner in dieser toten Szene gab und gibt uns den Hak, den wir verdienen&#8220;<\/b>, tobte Juju darin etwa. <\/p>\n<p class=\"watson-snippet__text my-6 text-[16px] lg:text-[18px] leading-normal md:w-3\/5\">Hiphop-Medien w\u00fcrden sie ignorieren und auch einige &#8222;weibliche und m\u00e4nnliche Artists, die unseren Film seit Jahren kopieren&#8220;, h\u00e4tten ihnen kein einziges Mal \u00f6ffentlich Respekt gegeben:<\/p>\n<p>&#8222;Wenn sie in Interviews gefragt werden, wer die Inspiration war, wird SXTN nie (!!!) genannt. Warum wollt ihr auf Krampf Frauen totschweigen, die euch den Weg geebnet haben? (&#8230;) Was f\u00fcr ein Feminismus soll das sein?&#8220;<\/p>\n<p>Nura teilt Statement, auch Ikkimel kommentiert \u2013 doch Juju lacht<\/p>\n<p class=\"watson-snippet__text my-6 text-[16px] lg:text-[18px] leading-normal md:w-3\/5\">Was f\u00fcr viele Fans von SXTN komplett \u00fcberraschend war: <b>Auch Nura teilte das Statement von Juju wiederum in ihrer Story. <\/b>Zuvor herrschte zwischen den beiden ehemaligen Partnerinnen wohl jahrelang ein angespanntes Verh\u00e4ltnis, wie Statements der beiden zur SXTN-Trennung vermuten lie\u00dfen.<\/p>\n<p class=\"watson-snippet__text my-6 text-[16px] lg:text-[18px] leading-normal md:w-3\/5\">Auch zu einem von zahlreichen Fans so sehr erhofften Comeback kam es nie. Stattdessen arbeiteten beide K\u00fcnstlerinnen an ihren Solo-Karrieren weiter, konnten an den SXTN-Erfolg jedoch nur bedingt ankn\u00fcpfen.<\/p>\n<p class=\"watson-snippet__text my-6 text-[16px] lg:text-[18px] leading-normal md:w-3\/5\">Nun also der Support Nuras f\u00fcr Jujus Brandrede. Doch damit war die Show noch nicht vorbei. Unter einem Instagram-Post der Magazins &#8222;hiphop.de&#8220; zu Jujus Rage kommentierte auch Ikkimel. <b>Doch auch Ikkimel unterst\u00fctzte Jujus Statement mit dem Kommentar: &#8222;Period!&#8220;<\/b><\/p>\n<p class=\"watson-snippet__text my-6 text-[16px] lg:text-[18px] leading-normal md:w-3\/5\">Juju sah darin wiederum anscheinend eine gewisse Ironie. Ikkimel k\u00f6nnte in den Augen Jujus m\u00f6glicherweise eine der von ihr erw\u00e4hnten Artists sein, &#8222;die unseren Film seit Jahren kopieren&#8220;. Daf\u00fcr spricht n\u00e4mlich, dass Juju auf Ikkimels Unterst\u00fctzung mit Sideeye-, Applaus- und Lach-Emojis antwortete. <b>Ausgerechnet Ikkimel m\u00fcsste sich wohl von Jujus Rant angesprochen f\u00fchlen. <\/b><\/p>\n<p class=\"watson-snippet__text my-6 text-[16px] lg:text-[18px] leading-normal md:w-3\/5\">Dennoch bleibt unklar, ob sich daraus nun ein f\u00fcr die Hiphop-Szene typischer Beef entwickelt. F\u00fcr SXTN-Fans bleibt wohl die relevantere Frage, ob das kleine Zeichen des gegenseitigen Supports zwischen Juju und Nura jetzt doch das erste Anzeichen eines m\u00f6glichen Comebacks ist.<\/p>\n<p><a href=\"https:\/\/www.watson.de\/unterhaltung\/stars\/800812328-pedro-pascal-doppelgaenger-gewinnt-klaeglichen-preis-bei-wettbewerb\" aria-label=\"Zur Story\" class=\"watson-next-story__link absolute inset-0 z-10\" rel=\"nofollow noopener\" target=\"_blank\"><\/p>\n<p>Viele Stars haben Doppelg\u00e4nger, die ihnen zum Verwechseln \u00e4hnlich sehen. Von den Fans werden sie auf der Stra\u00dfe wie die echten Ber\u00fchmtheiten gefeiert und um ein Selfie gebeten. Bei einem Wettbewerb hat jetzt ein Mann gewonnen, der aussieht wie Pedro Pascal. <\/p>\n<p class=\"watson-snippet__text my-6 text-[16px] lg:text-[18px] leading-normal md:w-3\/5\">Pedro Pascal ist besonders f\u00fcr seine Rollen in Serien bekannt, die auf der ganzen Welt gefeiert werden. Dazu z\u00e4hlen Produktionen wie &#8222;Game of Thrones&#8220;, &#8222;Narcos&#8220;, &#8222;The Mandalorian&#8220; oder &#8222;The Last of Us&#8220;. Als Schauspieler besticht er durch sein charismatisches Auftreten.<\/p>\n","protected":false},"excerpt":{"rendered":"Rapperin Ikkimel eckt mit ihrem Reclaiming des Worts &#8222;Fotze&#8220; an.Bild: imago images \/ mix1 watson antwortet Rapperin Ikkimel&hellip;\n","protected":false},"author":2,"featured_media":195366,"comment_status":"","ping_status":"","sticky":false,"template":"","format":"standard","meta":{"footnotes":""},"categories":[1772],"tags":[29,214,30,1779,810,215],"class_list":{"0":"post-195365","1":"post","2":"type-post","3":"status-publish","4":"format-standard","5":"has-post-thumbnail","7":"category-musik","8":"tag-deutschland","9":"tag-entertainment","10":"tag-germany","11":"tag-music","12":"tag-musik","13":"tag-unterhaltung"},"share_on_mastodon":{"url":"https:\/\/pubeurope.com\/@de\/114694430823933816","error":""},"_links":{"self":[{"href":"https:\/\/www.europesays.com\/de\/wp-json\/wp\/v2\/posts\/195365","targetHints":{"allow":["GET"]}}],"collection":[{"href":"https:\/\/www.europesays.com\/de\/wp-json\/wp\/v2\/posts"}],"about":[{"href":"https:\/\/www.europesays.com\/de\/wp-json\/wp\/v2\/types\/post"}],"author":[{"embeddable":true,"href":"https:\/\/www.europesays.com\/de\/wp-json\/wp\/v2\/users\/2"}],"replies":[{"embeddable":true,"href":"https:\/\/www.europesays.com\/de\/wp-json\/wp\/v2\/comments?post=195365"}],"version-history":[{"count":0,"href":"https:\/\/www.europesays.com\/de\/wp-json\/wp\/v2\/posts\/195365\/revisions"}],"wp:featuredmedia":[{"embeddable":true,"href":"https:\/\/www.europesays.com\/de\/wp-json\/wp\/v2\/media\/195366"}],"wp:attachment":[{"href":"https:\/\/www.europesays.com\/de\/wp-json\/wp\/v2\/media?parent=195365"}],"wp:term":[{"taxonomy":"category","embeddable":true,"href":"https:\/\/www.europesays.com\/de\/wp-json\/wp\/v2\/categories?post=195365"},{"taxonomy":"post_tag","embeddable":true,"href":"https:\/\/www.europesays.com\/de\/wp-json\/wp\/v2\/tags?post=195365"}],"curies":[{"name":"wp","href":"https:\/\/api.w.org\/{rel}","templated":true}]}}