{"id":195371,"date":"2025-06-16T18:23:16","date_gmt":"2025-06-16T18:23:16","guid":{"rendered":"https:\/\/www.europesays.com\/de\/195371\/"},"modified":"2025-06-16T18:23:16","modified_gmt":"2025-06-16T18:23:16","slug":"naechster-bayern-star-liebaeugelt-mit-tuerkei-wechsel","status":"publish","type":"post","link":"https:\/\/www.europesays.com\/de\/195371\/","title":{"rendered":"N\u00e4chster Bayern-Star lieb\u00e4ugelt mit T\u00fcrkei-Wechsel"},"content":{"rendered":"<p class=\"ai-optimize-8 ai-optimize-introduction\"><strong>Leroy San\u00e9 verl\u00e4sst den FC Bayern nach der Klub-WM in Richtung T\u00fcrkei. Aktuellen Meldungen zufolge lieb\u00e4ugelt auch Serge Gnabry mit einem Transfer in die S\u00fcper Lig.<\/strong><\/p>\n<p><a href=\"https:\/\/bit.ly\/4lXVdgE\" target=\"_blank\" rel=\"noopener\"><img loading=\"lazy\" decoding=\"async\" class=\"alignnone size-full wp-image-1390284\" src=\"https:\/\/www.europesays.com\/de\/wp-content\/uploads\/2025\/05\/winamax-banner.png\" alt=\"\" width=\"970\" height=\"90\"\/><\/a><\/p>\n<p class=\"ai-optimize-7 ai-optimize-introduction\">Der Wechsel von Leroy San\u00e9 zu Galatasaray Istanbul hat in den vergangenen Tagen f\u00fcr viel Aufsehen gesorgt. Der 28-J\u00e4hrige wird f\u00fcr diesen Schritt stark kritisiert, da die t\u00fcrkische S\u00fcper Lig f\u00fcr viele Fans und Experten sportlich betrachtet keine Top-Liga ist.<\/p>\n<p class=\"ai-optimize-12\">Aktuellen Meldungen zufolge k\u00f6nnte nach San\u00e9 ein weiterer Bayern-Star die M\u00fcnchner in Richtung T\u00fcrkei verlassen. Wie der t\u00fcrkische Transfer-Insider Salim Manav berichtet, soll auch Serge Gnabry mit einem Wechsel in die S\u00fcper Lig lieb\u00e4ugeln.<\/p>\n<p>Bayern ist offen f\u00fcr Gnabry-Verkauf<br \/>\n<img loading=\"lazy\" decoding=\"async\" class=\"size-full wp-image-1395051\" src=\"https:\/\/www.europesays.com\/de\/wp-content\/uploads\/2025\/06\/Michael-Olise.jpg\" alt=\"Michael Olise\" width=\"1500\" height=\"1000\"  \/>Foto: IMAGO<br \/>\n<img loading=\"lazy\" decoding=\"async\" class=\"size-full wp-image-1395062\" src=\"https:\/\/www.europesays.com\/de\/wp-content\/uploads\/2025\/06\/gnabry-cwc.jpg\" alt=\"Serge Gnabry\" width=\"1500\" height=\"1000\"  \/>Foto: IMAGO<\/p>\n<p class=\"ai-optimize-9\">Ob es konkrete Interessenten gibt, ist offen. Fenerbahce Istanbul k\u00f6nnte jedoch unter Umst\u00e4nden eine Option werden. Das Team von Jose Mourinho hatte sich auch intensiv um San\u00e9 bem\u00fcht, musste sich am Ende jedoch gegen Galatasaray geschlagen geben. Fenerbahce m\u00f6chte im Sommer auf den offensiven Fl\u00fcgelpositionen nachlegen.<\/p>\n<p class=\"ai-optimize-14\">Klar ist: Sollte die Bayern ein Angebot f\u00fcr Gnabry erhalten, wird man sich damit besch\u00e4ftigen. Der Vertrag des DFB-Nationalspielers l\u00e4uft 2026 aus. Somit k\u00f6nnen die M\u00fcnchner nur noch diesen Sommer eine Abl\u00f6se kassieren. Sein aktueller Marktwert wird auf 22 Millionen Euro taxiert. Besonders bitter: Vor knapp vier Jahren hatte der Triple-Sieger noch einen Marktwert von 90 Millionen Euro.<\/p>\n<p class=\"ai-optimize-17\">Gnabry spielt in den Planungen von Vincent Kompany keine tragende Rolle und musste sich in der abgelaufenen Saison zumeist mit einer Reservistenrolle hinter Michael Olise zufrieden geben.<\/p>\n<p class=\"ai-optimize-15\">Ein Abschied vom FC Bayern ist jedoch sehr unwahrscheinlich. Laut Sky m\u00f6chte Gnabry den deutschen Rekordmeister nicht verlassen. Damit droht dem FCB wie bei San\u00e9 das Worst-Case-Szenario: ein abl\u00f6sefreier Abgang\u00a0im Sommer 2026.<\/p>\n<p><img decoding=\"async\" class=\"wp-worthy-pixel-img skip-lazy \" src=\"https:\/\/www.europesays.com\/de\/wp-content\/uploads\/2025\/06\/0dd50364d27b4c5cb0a105b14606e9f3.gif\" loading=\"eager\" data-no-lazy=\"1\" data-skip-lazy=\"1\" height=\"1\" width=\"1\" alt=\"\"\/><\/p>\n","protected":false},"excerpt":{"rendered":"Leroy San\u00e9 verl\u00e4sst den FC Bayern nach der Klub-WM in Richtung T\u00fcrkei. Aktuellen Meldungen zufolge lieb\u00e4ugelt auch Serge&hellip;\n","protected":false},"author":2,"featured_media":195372,"comment_status":"","ping_status":"","sticky":false,"template":"","format":"standard","meta":{"footnotes":""},"categories":[136],"tags":[29,30,17141,265],"class_list":{"0":"post-195371","1":"post","2":"type-post","3":"status-publish","4":"format-standard","5":"has-post-thumbnail","7":"category-sport","8":"tag-deutschland","9":"tag-germany","10":"tag-serge-gnabry","11":"tag-sport"},"share_on_mastodon":{"url":"https:\/\/pubeurope.com\/@de\/114694442604267329","error":""},"_links":{"self":[{"href":"https:\/\/www.europesays.com\/de\/wp-json\/wp\/v2\/posts\/195371","targetHints":{"allow":["GET"]}}],"collection":[{"href":"https:\/\/www.europesays.com\/de\/wp-json\/wp\/v2\/posts"}],"about":[{"href":"https:\/\/www.europesays.com\/de\/wp-json\/wp\/v2\/types\/post"}],"author":[{"embeddable":true,"href":"https:\/\/www.europesays.com\/de\/wp-json\/wp\/v2\/users\/2"}],"replies":[{"embeddable":true,"href":"https:\/\/www.europesays.com\/de\/wp-json\/wp\/v2\/comments?post=195371"}],"version-history":[{"count":0,"href":"https:\/\/www.europesays.com\/de\/wp-json\/wp\/v2\/posts\/195371\/revisions"}],"wp:featuredmedia":[{"embeddable":true,"href":"https:\/\/www.europesays.com\/de\/wp-json\/wp\/v2\/media\/195372"}],"wp:attachment":[{"href":"https:\/\/www.europesays.com\/de\/wp-json\/wp\/v2\/media?parent=195371"}],"wp:term":[{"taxonomy":"category","embeddable":true,"href":"https:\/\/www.europesays.com\/de\/wp-json\/wp\/v2\/categories?post=195371"},{"taxonomy":"post_tag","embeddable":true,"href":"https:\/\/www.europesays.com\/de\/wp-json\/wp\/v2\/tags?post=195371"}],"curies":[{"name":"wp","href":"https:\/\/api.w.org\/{rel}","templated":true}]}}