{"id":195442,"date":"2025-06-16T19:03:12","date_gmt":"2025-06-16T19:03:12","guid":{"rendered":"https:\/\/www.europesays.com\/de\/195442\/"},"modified":"2025-06-16T19:03:12","modified_gmt":"2025-06-16T19:03:12","slug":"jubilaeum-in-hachenburg-augenoptik-bonn-hat-seit-100-jahren-den-durchblick-westerwaelder-zeitung","status":"publish","type":"post","link":"https:\/\/www.europesays.com\/de\/195442\/","title":{"rendered":"Jubil\u00e4um in Hachenburg: Augenoptik Bonn hat seit 100 Jahren den Durchblick &#8211; Westerw\u00e4lder Zeitung"},"content":{"rendered":"<p>Jubil\u00e4um in Hachenburg<\/p>\n<p>Augenoptik Bonn hat seit 100 Jahren den Durchblick<\/p>\n<p><img loading=\"lazy\" decoding=\"async\" src=\"https:\/\/www.europesays.com\/de\/wp-content\/uploads\/2025\/06\/4096738_1_figurenolazy_bonn_-107.jpeg\" alt=\"\" title=\"\" width=\"960\" height=\"540\" class=\"img-fluid\"\/>iDrei Generationen Augenoptik Bonn: (von links) Andreas und Britta Bonn, deren Sohn Justus Bonn sowie Andreas&#8216; Eltern Karl-Ludwig und Erika Bonn. Augenoptik Bonn<\/p>\n<p class=\"teaser\">Vier Generationen einer Familie in 100 Jahren f\u00fcr ein und denselben Beruf zu begeistern, ist au\u00dfergew\u00f6hnlich. Doch es ist m\u00f6glich, wie die Firma Augenoptik Bonn aus Hachenburg beweist.\u00a0<\/p>\n<p>\n Auf den ersten Blick scheinen Augenoptik und Uhrmacherei nichts miteinander zu tun zu haben. Doch beide Disziplinen haben einen gemeinsamen Ursprung: die Astronomie. Wer in fr\u00fcheren Jahrhunderten die Zeit vermessen wollte, musste dazu die Gestirne beobachten, wozu man wiederum optische Konstruktionen ben\u00f6tigte, die von den Astronomen oft selbst erfunden und hergestellt wurden.\n<\/p>\n<p>W\u00e4hlen Sie Ihr Abo und lesen Sie weiter:<\/p>\n<p>\n  Sie sind bereits Abonnent? <a href=\"#login\" data-paymentoption=\"Paywall &gt; Anmelden\">Hier anmelden<\/a><\/p>\n<p>Artikel teilen <\/p>\n","protected":false},"excerpt":{"rendered":"Jubil\u00e4um in Hachenburg Augenoptik Bonn hat seit 100 Jahren den Durchblick iDrei Generationen Augenoptik Bonn: (von links) Andreas&hellip;\n","protected":false},"author":2,"featured_media":195443,"comment_status":"","ping_status":"","sticky":false,"template":"","format":"standard","meta":{"footnotes":""},"categories":[1842],"tags":[1741,3364,29,30,64443,1209],"class_list":{"0":"post-195442","1":"post","2":"type-post","3":"status-publish","4":"format-standard","5":"has-post-thumbnail","7":"category-bonn","8":"tag-bonn","9":"tag-de","10":"tag-deutschland","11":"tag-germany","12":"tag-hachenburg","13":"tag-nordrhein-westfalen"},"share_on_mastodon":{"url":"https:\/\/pubeurope.com\/@de\/114694599764845421","error":""},"_links":{"self":[{"href":"https:\/\/www.europesays.com\/de\/wp-json\/wp\/v2\/posts\/195442","targetHints":{"allow":["GET"]}}],"collection":[{"href":"https:\/\/www.europesays.com\/de\/wp-json\/wp\/v2\/posts"}],"about":[{"href":"https:\/\/www.europesays.com\/de\/wp-json\/wp\/v2\/types\/post"}],"author":[{"embeddable":true,"href":"https:\/\/www.europesays.com\/de\/wp-json\/wp\/v2\/users\/2"}],"replies":[{"embeddable":true,"href":"https:\/\/www.europesays.com\/de\/wp-json\/wp\/v2\/comments?post=195442"}],"version-history":[{"count":0,"href":"https:\/\/www.europesays.com\/de\/wp-json\/wp\/v2\/posts\/195442\/revisions"}],"wp:featuredmedia":[{"embeddable":true,"href":"https:\/\/www.europesays.com\/de\/wp-json\/wp\/v2\/media\/195443"}],"wp:attachment":[{"href":"https:\/\/www.europesays.com\/de\/wp-json\/wp\/v2\/media?parent=195442"}],"wp:term":[{"taxonomy":"category","embeddable":true,"href":"https:\/\/www.europesays.com\/de\/wp-json\/wp\/v2\/categories?post=195442"},{"taxonomy":"post_tag","embeddable":true,"href":"https:\/\/www.europesays.com\/de\/wp-json\/wp\/v2\/tags?post=195442"}],"curies":[{"name":"wp","href":"https:\/\/api.w.org\/{rel}","templated":true}]}}