{"id":195483,"date":"2025-06-16T19:25:13","date_gmt":"2025-06-16T19:25:13","guid":{"rendered":"https:\/\/www.europesays.com\/de\/195483\/"},"modified":"2025-06-16T19:25:13","modified_gmt":"2025-06-16T19:25:13","slug":"bombendrohung-zwingt-lufthansa-flieger-zur-umkehr-nach-frankfurt-regional","status":"publish","type":"post","link":"https:\/\/www.europesays.com\/de\/195483\/","title":{"rendered":"Bombendrohung zwingt Lufthansa-Flieger zur Umkehr nach Frankfurt | Regional"},"content":{"rendered":"<p>Frankfurt am Main \u2013 <b>Schreck f\u00fcr die Insassen eines Lufthansa-Fluges von Frankfurt nach Indien. Der Jet hatte nach Angaben der Bundespolizei seine Reise abgebrochen und war  umgekehrt. Wegen einer Bombendrohung. <\/b><\/p>\n<p>Der Boeing Dreamliner war am Sonntag in Frankfurt am Main gestartet. Das Ziel: Die Stadt Hyderabad. Flugdaten zeigen, dass das <a href=\"https:\/\/www.bild.de\/themen\/specials\/flugzeuge\/news-fotos-videos-17013950.bild.html\" class=\"text-link\" rel=\"nofollow noopener\" target=\"_blank\">Flugzeug<\/a> bis zur K\u00fcste des Schwarzen Meeres kam, einen Bogen und dann auf direktem Weg zur\u00fcck nach Hessen flog.<\/p>\n<p>Bombendrohungen gegen Fl\u00fcge nach Indien<\/p>\n<p>Erst am Freitag gab es eine <a href=\"https:\/\/www.bild.de\/news\/ausland\/bombendrohung-gegen-air-india-airbus-a320-muss-notlanden-684bd17cf7f5c816524d19ef\" class=\"text-link\" rel=\"nofollow noopener\" target=\"_blank\">Bombendrohung zu einem Air-India-Flugzeug<\/a>. Die Maschine war auf dem Weg nach Neu-Delhi, musste nach Thailand zur\u00fcckfliegen. Der Vorfall erfolgte nur einen Tag nach dem <a href=\"https:\/\/www.bild.de\/news\/290-tote-bei-flugzeugabsturz-ein-passagier-ueberlebte-684a95256819cd7ac1b221f3\" class=\"text-link\" rel=\"nofollow noopener\" target=\"_blank\">Absturz<\/a> einer Boeing von Air India in Ahmedabad. Bei der Katastrophe kurz nach dem Start starben nach Berichten indischer Medien mindestens 270 Menschen.<\/p>\n<p><img decoding=\"async\" width=\"992\" height=\"558\" alt=\"Daten von Flightradar24 zeigen, dass der Lufthansa-Flug an der K\u00fcste des Schwarzen Meers einen Bogen Flug und nach Frankfurt zur\u00fcckkehrte\" src=\"https:\/\/www.europesays.com\/de\/wp-content\/uploads\/2025\/06\/7162dd151558dbf2baabf7fc9a76f5e3,146cd043\"   class=\"landscape\" loading=\"lazy\"\/><\/p>\n<p class=\"fig__caption__text\">Daten von Flightradar24 zeigen, dass der Lufthansa-Flug an der K\u00fcste des Schwarzen Meers einen Bogen flog und nach Frankfurt zur\u00fcckkehrte<\/p>\n<p>Foto: flightradar24<\/p>\n<p><b>Ein Sprecher der Bundespolizei in <\/b><a href=\"https:\/\/www.bild.de\/regional\/frankfurt\/frankfurt-regional\/home-16342404.bild.html\" class=\"text-link\" rel=\"nofollow noopener\" target=\"_blank\"><b>Frankfurt<\/b><\/a><b> best\u00e4tigte am Montag die erneute Bombendrohung. Die Information h\u00e4tte die Beh\u00f6rde von der Konzernsicherheit der <\/b><a href=\"https:\/\/www.bild.de\/themen\/organisationen\/lufthansa\/fluege-nachrichten-news-fotos-videos-19291056.bild.html\" class=\"text-link\" rel=\"nofollow noopener\" target=\"_blank\"><b>Lufthansa<\/b><\/a><b> erhalten. <\/b><\/p>\n<p>Von Lufthansa hie\u00df es: \u201eWir best\u00e4tigen, dass Flug LH752 mit 283 Flugg\u00e4sten nach Frankfurt zur\u00fcckkehren musste, da er keine Landefreigabe f\u00fcr Hyderabad erhalten hat\u201c, so Sprecher Michael Lamberty zu BILD. <\/p>\n<p>Passagiere mussten am Flughafen \u00fcbernachten<\/p>\n<p><b>Gegen 18.30 Uhr sei die Boeing wieder am <\/b><a href=\"https:\/\/www.bild.de\/themen\/orte\/flughafen-frankfurt\/groesster-deutscher-flughafen-18085978.bild.html\" class=\"text-link\" rel=\"nofollow noopener\" target=\"_blank\"><b>Flughafen Frankfurt<\/b><\/a><b> gelandet. Viele m\u00fcde Passagiere mussten im Transit-Bereich des Flughafens \u00fcbernachten. M\u00f6glicherweise hatten einige kein g\u00fcltiges Visum mehr.<\/b><\/p>\n<p>\u201eWir haben f\u00fcr alle Passagiere Feldbetten aufgestellt. Zweihundert von ihnen haben das Angebot in Anspruch genommen\u201c, sagt Jana Sch\u00e4fer vom Fraport zu BILD. Zudem seien Snacks und Wasser verteilt worden. <\/p>\n<p>Lesen Sie auch<\/p>\n<p><b>Laut Bundespolizei-Sprecher gab es an der Boeing schlussendlich \u201ekeine sicherheitsrelevanten Zwischenf\u00e4lle\u201c. N\u00e4heres zur \u00dcberpr\u00fcfung der Bombendrohung wollte der Sprecher nicht bekannt gegeben. Am n\u00e4chsten Tag um 11.42 Uhr startete Flug LH752 erneut Richtung Indien.<\/b><\/p>\n<p>\u00dcber 200 Tote nach Flugzeugabsturz: Ein Passagier hat \u00fcberlebt<a href=\"https:\/\/www.bild.de\/news\/ausland\/ueber-200-tote-nach-flugzeugabsturz-wrackteile-haengen-in-hauswand-684accf46b971f50418e96a7\" class=\"anchor\" rel=\"nofollow noopener\" target=\"_blank\"><img decoding=\"async\" width=\"992\" height=\"558\" alt=\"Das erste Video vom \u00dcberlebenden \u2013 nach Absturz der Boeing 787\" src=\"https:\/\/www.europesays.com\/de\/wp-content\/uploads\/2025\/06\/296e1ed65fbbf8ba1695f9284d583563,53c7f24\"   class=\"landscape teaser__image\" loading=\"lazy\"\/><\/a><\/p>\n<p>Quelle: Reuters, AP13.06.2025<\/p>\n","protected":false},"excerpt":{"rendered":"Frankfurt am Main \u2013 Schreck f\u00fcr die Insassen eines Lufthansa-Fluges von Frankfurt nach Indien. Der Jet hatte nach&hellip;\n","protected":false},"author":2,"featured_media":195484,"comment_status":"","ping_status":"","sticky":false,"template":"","format":"standard","meta":{"footnotes":""},"categories":[1829],"tags":[64447,24779,14061,29,1345,841,2050,2051,30,2052,699,24291,45],"class_list":{"0":"post-195483","1":"post","2":"type-post","3":"status-publish","4":"format-standard","5":"has-post-thumbnail","7":"category-frankfurt-am-main","8":"tag-boeing-787","9":"tag-boeing-flugzeuge","10":"tag-bombendrohung","11":"tag-deutschland","12":"tag-flughafen-frankfurt-am-main","13":"tag-flugzeuge","14":"tag-frankfurt","15":"tag-frankfurt-am-main","16":"tag-germany","17":"tag-hessen","18":"tag-indien","19":"tag-passagierflugzeug","20":"tag-texttospeech"},"share_on_mastodon":{"url":"https:\/\/pubeurope.com\/@de\/114694686258890882","error":""},"_links":{"self":[{"href":"https:\/\/www.europesays.com\/de\/wp-json\/wp\/v2\/posts\/195483","targetHints":{"allow":["GET"]}}],"collection":[{"href":"https:\/\/www.europesays.com\/de\/wp-json\/wp\/v2\/posts"}],"about":[{"href":"https:\/\/www.europesays.com\/de\/wp-json\/wp\/v2\/types\/post"}],"author":[{"embeddable":true,"href":"https:\/\/www.europesays.com\/de\/wp-json\/wp\/v2\/users\/2"}],"replies":[{"embeddable":true,"href":"https:\/\/www.europesays.com\/de\/wp-json\/wp\/v2\/comments?post=195483"}],"version-history":[{"count":0,"href":"https:\/\/www.europesays.com\/de\/wp-json\/wp\/v2\/posts\/195483\/revisions"}],"wp:featuredmedia":[{"embeddable":true,"href":"https:\/\/www.europesays.com\/de\/wp-json\/wp\/v2\/media\/195484"}],"wp:attachment":[{"href":"https:\/\/www.europesays.com\/de\/wp-json\/wp\/v2\/media?parent=195483"}],"wp:term":[{"taxonomy":"category","embeddable":true,"href":"https:\/\/www.europesays.com\/de\/wp-json\/wp\/v2\/categories?post=195483"},{"taxonomy":"post_tag","embeddable":true,"href":"https:\/\/www.europesays.com\/de\/wp-json\/wp\/v2\/tags?post=195483"}],"curies":[{"name":"wp","href":"https:\/\/api.w.org\/{rel}","templated":true}]}}