{"id":195493,"date":"2025-06-16T19:30:14","date_gmt":"2025-06-16T19:30:14","guid":{"rendered":"https:\/\/www.europesays.com\/de\/195493\/"},"modified":"2025-06-16T19:30:14","modified_gmt":"2025-06-16T19:30:14","slug":"brandanschlag-in-hamburg-taeter-verwechseln-autos-von-kuehne-manager-regional","status":"publish","type":"post","link":"https:\/\/www.europesays.com\/de\/195493\/","title":{"rendered":"Brandanschlag in Hamburg: T\u00e4ter verwechseln Autos von K\u00fchne-Manager | Regional"},"content":{"rendered":"<p>Hamburg \u2013 <b>Feige Brandanschl\u00e4ge ersch\u00fcttern in zwei aufeinander folgenden N\u00e4chten die Hansestadt!<\/b><\/p>\n<p>In der Nacht auf Samstag wurden im Stadtteil Gro\u00df Flottbek gegen 3.40 Uhr zwei Fahrzeuge in <a href=\"https:\/\/www.bild.de\/regional\/hamburg\/hamburg-regional\/home-16344102.bild.html\" class=\"text-link\" target=\"_blank\" rel=\"noopener\">Hamburg<\/a> angez\u00fcndet, ein Mercedes GLE und eine Mercedes-C-Klasse brannten vollst\u00e4ndig aus. Kurz darauf tauchte auf der vor allem von Linksextremisten genutzten Internet-Plattform \u201eIndymedia\u201c ein Bekennerschreiben auf. Tenor: Man habe zwei Autos von Karl Gernandt (64) \u201eabgefackelt\u201c, einem engen Vertrauten des Hamburger Milliard\u00e4rs und Logistikmagnaten Klaus-Michael K\u00fchne. Zuerst hatten die \u201eHamburger Morgenpost\u201c und das \u201eAbendblatt\u201c berichtet.<\/p>\n<p>Doch am Montagabend kam raus: Der Brandanschlag traf offenbar nicht Gernandt, sondern v\u00f6llig Unbeteiligte! Gegen\u00fcber BILD best\u00e4tigte die Polizei einen entsprechenden Bericht des \u201eHamburger Abendblatt\u201c.<\/p>\n<p><b>Der Staatsschutz der Polizei ermittelt weiter wegen schwerer Brandstiftung.<\/b><\/p>\n<p><img decoding=\"async\" width=\"992\" height=\"558\" alt=\"Klaus Gernadt (64, links) ist ein enger Vertrauter des Hamburger Milliard\u00e4rs und Logistikmagnaten Klaus-Michael K\u00fchne\" src=\"https:\/\/www.europesays.com\/de\/wp-content\/uploads\/2025\/06\/86816599154b761470b01505dd3655f8,ea7f4283\"   class=\"landscape\" loading=\"lazy\"\/><\/p>\n<p class=\"fig__caption__text\">Karl Gernandt (64, links) ist ein enger Vertrauter des Hamburger Milliard\u00e4rs und Logistikmagnaten Klaus-Michael K\u00fchne<\/p>\n<p>Foto: action press<\/p>\n<p><b>Nur eine Nacht sp\u00e4ter brannte im feinen Hamburger Stadtteil Nienstedten um 4.30 Uhr ein Mini. Die Flammen griffen auch auf einen Saab \u00fcber, zerst\u00f6rten den Heckbereich. Das Mini-Cabrio stand auf dem Grundst\u00fcck von Kajetan von Mentzingen (54), Manager des Technologieunternehmen \u201eVincorion\u201c, das unter anderem im R\u00fcstungsbereich aktiv ist.<\/b><\/p>\n<p><img decoding=\"async\" width=\"992\" height=\"558\" alt=\"Auf dem Grundst\u00fcck des R\u00fcstungs-Managers brannte ein Mini Cabrio aus, Teile der Fassade und ein Saab Cabrio wurden besch\u00e4digt\" src=\"https:\/\/www.europesays.com\/de\/wp-content\/uploads\/2025\/06\/154789503bc65fa1c5bb34a37f6db0d2,685c0627\"   class=\"landscape\" loading=\"lazy\"\/><\/p>\n<p class=\"fig__caption__text\">Auf dem Grundst\u00fcck des R\u00fcstungs-Managers brannte ein Mini-Cabrio aus, Teile der Fassade und ein Saab-Cabrio wurden besch\u00e4digt<\/p>\n<p>Foto: Marco Zitzow<\/p>\n<p>Die Flammen drohten auch auf das Wohnhaus des 54-J\u00e4hrigen \u00fcberzugreifen, die Hecke im Garten brannte bereits. Die Feuerwehr hatte den Brandherd aber zum Gl\u00fcck schnell unter Kontrolle.<\/p>\n<p>Autos bei Brand zerst\u00f6rt, aber keine Verletzten<\/p>\n<p><b>Nach BILD-Informationen geht die Polizei von <\/b><a href=\"https:\/\/www.bild.de\/themen\/ereignisse\/brandstiftung\/news-nachrichten-news-fotos-videos-19795804.bild.html\" class=\"text-link\" target=\"_blank\" rel=\"noopener\"><b>Brandstiftung<\/b><\/a><b> aus. Spuren am Tatort sprechen daf\u00fcr, dass der <\/b><a href=\"https:\/\/www.bild.de\/themen\/ereignisse\/braende-und-feuer-kcCBhSDxfE9cAkTeE6kA\" class=\"text-link\" target=\"_blank\" rel=\"noopener\"><b>Brand<\/b><\/a><b> gelegt wurde \u2013 m\u00f6glicherweise mithilfe von Brandbeschleunigern.<\/b><\/p>\n<p><img decoding=\"async\" width=\"992\" height=\"558\" alt=\"Dieser Mercedes erlitt durch den Brandanschlag einen Totalschaden\" src=\"https:\/\/www.europesays.com\/de\/wp-content\/uploads\/2025\/06\/768e58900d900c46198019d7e4580681,7ca2dc14\"   class=\"landscape\" loading=\"lazy\"\/><\/p>\n<p class=\"fig__caption__text\">Dieser Mercedes erlitt durch den Brandanschlag einen Totalschaden<\/p>\n<p>Foto: Marco Zitzow<\/p>\n<p>Linksextremisten bekennen sich zu Anschl\u00e4gen<\/p>\n<p><b>In dem anonymen Schreiben auf \u201eIndymedia\u201c hat sich eine unbekannte, militante Gruppe zu den Brandanschl\u00e4gen auf die Autos bekannt. <\/b><\/p>\n<p>Die bizarre Rechtfertigung: Die Tat sei Teil einer gezielten Aktion gegen die deutsche R\u00fcstungsindustrie und die Welt der Reichen. Die Gruppe kritisiert die zunehmende Aufr\u00fcstungspolitik, den neu eingef\u00fchrten Veteranentag sowie die Expansionspl\u00e4ne des Unternehmens. Der Anschlag sei ein Beitrag zum \u201eantimilitaristischen Widerstand\u201c und Teil einer Reihe von Angriffen auf milit\u00e4rische Strukturen.<\/p>\n<p>Manager \u00e4u\u00dfern sich bislang nicht<\/p>\n<p><b>Frederike Gasa, Sprecherin des R\u00fcstungs-Unternehmens Vincorion, zu BILD: \u201eAus R\u00fccksicht auf die Ermittlungen und zum Schutz der betroffenen Familie m\u00f6chten wir zu den Ereignissen nichts sagen.\u201c K\u00fchne-Intimus Gernandt, dem der Anschlag in Flottbek galt, war f\u00fcr eine Stellungnahme f\u00fcr BILD zun\u00e4chst nicht zu erreichen.<\/b><\/p>\n<p>Die Ermittler werten nun \u00dcberwachungskameras in der Umgebung aus und befragen Anwohner. Hinweise aus der Bev\u00f6lkerung nimmt die <a href=\"https:\/\/www.bild.de\/regional\/aktuelles\/polizei\/polizeieinsatz-alle-infos-76681760.bild.html\" class=\"text-link\" target=\"_blank\" rel=\"noopener\">Polizei<\/a> unter der Nummer 040\/4286-56789 entgegen.<\/p>\n<p><b>Korrektur<\/b><\/p>\n<p>In einer fr\u00fcheren Version schrieben BILD und andere Medien, der Brandanschlag h\u00e4tte zwei Autos des ehemaligen Chefs der K\u00fchne Holding, Karl Gernandt, getroffen. Inzwischen gibt es neue Erkenntnisse: Beide Autos geh\u00f6ren offenbar nicht dem Top-Manager. Wir haben den Text und die \u00dcberschrift entsprechend korrigiert. <\/p>\n","protected":false},"excerpt":{"rendered":"Hamburg \u2013 Feige Brandanschl\u00e4ge ersch\u00fcttern in zwei aufeinander folgenden N\u00e4chten die Hansestadt! In der Nacht auf Samstag wurden&hellip;\n","protected":false},"author":2,"featured_media":195494,"comment_status":"","ping_status":"","sticky":false,"template":"","format":"standard","meta":{"footnotes":""},"categories":[1826],"tags":[2919,4852,29,985,30,692,12623,121,45],"class_list":{"0":"post-195493","1":"post","2":"type-post","3":"status-publish","4":"format-standard","5":"has-post-thumbnail","7":"category-hamburg","8":"tag-brand","9":"tag-brandstiftung","10":"tag-deutschland","11":"tag-feuerwehr","12":"tag-germany","13":"tag-hamburg","14":"tag-linksextremismus","15":"tag-polizei","16":"tag-texttospeech"},"share_on_mastodon":{"url":"https:\/\/pubeurope.com\/@de\/114694706223293084","error":""},"_links":{"self":[{"href":"https:\/\/www.europesays.com\/de\/wp-json\/wp\/v2\/posts\/195493","targetHints":{"allow":["GET"]}}],"collection":[{"href":"https:\/\/www.europesays.com\/de\/wp-json\/wp\/v2\/posts"}],"about":[{"href":"https:\/\/www.europesays.com\/de\/wp-json\/wp\/v2\/types\/post"}],"author":[{"embeddable":true,"href":"https:\/\/www.europesays.com\/de\/wp-json\/wp\/v2\/users\/2"}],"replies":[{"embeddable":true,"href":"https:\/\/www.europesays.com\/de\/wp-json\/wp\/v2\/comments?post=195493"}],"version-history":[{"count":0,"href":"https:\/\/www.europesays.com\/de\/wp-json\/wp\/v2\/posts\/195493\/revisions"}],"wp:featuredmedia":[{"embeddable":true,"href":"https:\/\/www.europesays.com\/de\/wp-json\/wp\/v2\/media\/195494"}],"wp:attachment":[{"href":"https:\/\/www.europesays.com\/de\/wp-json\/wp\/v2\/media?parent=195493"}],"wp:term":[{"taxonomy":"category","embeddable":true,"href":"https:\/\/www.europesays.com\/de\/wp-json\/wp\/v2\/categories?post=195493"},{"taxonomy":"post_tag","embeddable":true,"href":"https:\/\/www.europesays.com\/de\/wp-json\/wp\/v2\/tags?post=195493"}],"curies":[{"name":"wp","href":"https:\/\/api.w.org\/{rel}","templated":true}]}}