{"id":195498,"date":"2025-06-16T19:33:28","date_gmt":"2025-06-16T19:33:28","guid":{"rendered":"https:\/\/www.europesays.com\/de\/195498\/"},"modified":"2025-06-16T19:33:28","modified_gmt":"2025-06-16T19:33:28","slug":"mann-wird-ueberfallen-und-von-auto-mitgeschleift","status":"publish","type":"post","link":"https:\/\/www.europesays.com\/de\/195498\/","title":{"rendered":"Mann wird \u00fcberfallen und von Auto mitgeschleift"},"content":{"rendered":"<p class=\"font-sans font-medium\">Berlin. Im Havelland krachte in der Nacht ein Auto gegen einen Baum und schlitterte dann \u00fcber die Stra\u00dfe. Die Blaulicht-News im Blog.<\/p>\n<ul>\n<li>Auto landet nach Unfall im Havelland auf der Seite<\/li>\n<li>Knall auf Balkon \u2013 Wohnung vermutlich in Brand gesteckt<\/li>\n<li>Autofahrer ger\u00e4t in Gegenverkehr \u2013 Mehrere Verletzte<\/li>\n<li>Mann schl\u00e4gt in Wilmersdorf wahllos auf Passanten ein<\/li>\n<li>Alkoholisierter Mann besch\u00e4digt Autos und wirft Ziegelstein<\/li>\n<li>Dachstuhl eines Wohnhauses in Eberswalde in Flammen<\/li>\n<li>M\u00e4nner springen aus Auto und rauben Mann aus<\/li>\n<li>M\u00e4rkisches Viertel: Mann schie\u00dft vom Balkon<\/li>\n<li>Alkoholisierter Radfahrer st\u00f6\u00dft mit BVG-Bus zusammen<\/li>\n<\/ul>\n<p>Hier finden Sie die aktuellen Meldungen von <a href=\"https:\/\/www.morgenpost.de\/berlin\/polizei-berlin\/\" data-category-full-path=\"https:\/\/www.morgenpost.de\/berlin\/\" data-paid-status=\"free\" data-article-publish-date=\"1625062819\" rel=\"nofollow noopener\" target=\"_blank\">Polizei<\/a> und <a href=\"https:\/\/www.morgenpost.de\/berlin\/feuerwehr-berlin\/\" data-category-full-path=\"https:\/\/www.morgenpost.de\/berlin\/\" data-paid-status=\"free\" data-article-publish-date=\"1625060936\" rel=\"nofollow noopener\" target=\"_blank\">Feuerwehr<\/a> aus <a href=\"https:\/\/www.morgenpost.de\/themen\/berlin\/\" target=\"_blank\" rel=\"nofollow noopener\">Berlin<\/a> und <a href=\"https:\/\/www.morgenpost.de\/themen\/brandenburg\/\" target=\"_blank\" rel=\"nofollow noopener\">Brandenburg<\/a> im Newsblog. Die <a href=\"https:\/\/www.morgenpost.de\/berlin\/article408509619\/berlin-polizei-feuerwehr-news-blaulicht-aktuell-0803-braende-kreuzberg.html\" data-category-full-path=\"https:\/\/www.morgenpost.de\/berlin\/\" data-paid-status=\"free\" data-article-publish-date=\"1741420648\" rel=\"nofollow noopener\" target=\"_blank\">News vom Vortag lesen Sie hier<\/a>.<\/p>\n<p>  Blaulicht-News aus Berlin und Brandenburg vom 9. M\u00e4rz: Drogendealer rammt Einsatzwagen der Polizei  <\/p>\n<p>17.40 Uhr: Ein mutma\u00dflicher Drogendealer hat auf der Flucht vor der Polizei am Samstagabend in Lankwitz ein Einsatzfahrzeug der Berliner Polizei gerammt. Einsatzkr\u00e4fte hatten den Skoda-Fahrer bei einem Verkauf beobachtet. Die Beamten setzten ihren Dienstwagen gegen 21 Uhr an der Kreuzung Eiswaldtstra\u00dfe \/ Emmichstra\u00dfe \/ Malteserstra\u00dfe vor den Wagen des Mannes, um ihn zu kontrollieren. Der gab jedoch Gas, rammte das Polizeiauto und raste davon. Die Polizisten blieben unverletzt. Der Mann entkam.<\/p>\n<p>   Auto von Familie mit drei Kindern f\u00e4ngt w\u00e4hrend Fahrt Feuer  <\/p>\n<p>16.51 Uhr: Auf der <strong>Autobahn 2<\/strong> bei Thee\u00dfen hat es eine Familie aus Berlin mit drei Kindern gerade noch rechtzeitig aus ihrem Auto geschafft, bevor dieses in Flammen stand. Weil Rauch aus dem Motorraum drang, lenkte der 35 Jahre alte Fahrer den Wagen auf den Seitenstreifen, wie der Zentrale Verkehrs- und Autobahndienst in Hohenwarsleben mitteilte. Die Ehefrau und die Kinder im Alter von 7, 9 und 11 Jahren konnten aussteigen. Kurz darauf schlugen Flammen aus dem Motorraum, das Feuer griff auf den Innenraum \u00fcber und setzte das Fahrzeug in Vollbrand. F\u00fcr die L\u00f6scharbeiten und die Bergung des Wracks musste die A2 in Richtung Berlin kurzzeitig gesperrt werden.<\/p>\n<p>   Motorradfahrer liefern sich Rennen und bauen Unfall  <\/p>\n<p><strong>16.18 Uhr:<\/strong> Zwei Motorradfahrer haben sich am Wochenende bei P\u00e4wesin im westlichen <strong>Brandenburg<\/strong> (Kreis Potsdam-Mittelmark) ein verbotenes Rennen geliefert. Dabei verlor ein 31-J\u00e4hriger laut Polizei am Samstagnachmittag wegen \u00fcberh\u00f6hter Geschwindigkeit die Kontrolle \u00fcber seine Maschine, st\u00fcrzte und verletzte sich schwer. Bei dem Unfall seien Tr\u00fcmmer- und Splitterteile durch die Luft geflogen. Zwei Autos seien davon getroffen worden, teilte die Polizei mit.<\/p>\n<p>Der zweite Motorradfahrer, ein Freund des gest\u00fcrzten Fahrers, habe den Unfallort verlassen und sei wenige Minuten sp\u00e4ter mit einem Auto zur\u00fcckgekommen. Bei der \u00dcberpr\u00fcfung seines Motorrads stellte die Polizei fest, dass der 29-J\u00e4hrige seine Maschine ohne g\u00fcltige Zulassung und ohne <strong>Haftpflichtversicherung <\/strong>fuhr.\u00a0<\/p>\n<p>Angesichts des fr\u00fchlingshaften Wetters starteten viele Motorradfahrer am Wochenende in die Saison.<\/p>\n<p>  Knall auf Balkon &#8211; Wohnung vermutlich in Brand gesteckt  <\/p>\n<p><strong>16.01 Uhr:<\/strong> Ein Balkon eines Mehrfamilienhauses in <strong>K\u00f6nigs Wusterhausen<\/strong> ist wahrscheinlich von au\u00dfen in Brand gesetzt worden. Zu dem Zeitpunkt war nach Angaben der Polizei in der Wohnung ein zehnj\u00e4hriges Kind allein zu Hause. Es konnte sich nach Ausbruch des Brandes in der vierten Etage am Samstag aber unverletzt retten. Die Wohnung wurde stark besch\u00e4digt und war nicht mehr bewohnbar.<\/p>\n<p>Ein Sprecher der Polizei sagte, es habe nach bisherigen Erkenntnissen einen lauten Knall auf dem Balkon gegeben, dann sei das Feuer ausgebrochen. Eine Person soll weggerannt sein. Die Polizei geht dem Verdacht der schweren Brandstiftung nach. Weitere Angaben konnte der Sprecher zun\u00e4chst nicht machen.<\/p>\n<p>Zwei Bewohner des Hauses erlitten laut Polizei durch Rauchgase leichte Verletzungen. Der Schaden wurde auf 30.000 Euro gesch\u00e4tzt. Die Spurensicherung der Polizei war im Einsatz.<\/p>\n<p>  Autofahrer ger\u00e4t in Gegenverkehr \u2013 Mehrere Verletzte  <\/p>\n<p><strong>15.55 Uhr:<\/strong> In <strong>Alt-Hohensch\u00f6nhausen<\/strong> kam es am Samstagnachmittag zu einem Verkehrsunfall mit Verletzten. Ein 29-j\u00e4hriger Autofahrer, der in Richtung Falkenberger Chaussee unterwegs war, geriet gegen 16:15 Uhr auf dem Malchower Weg in den Gegenverkehr und stie\u00df dort mit dem Wagen einer 70-j\u00e4hrigen Fahrerin zusammen. Die Frau erlitt Hautabsch\u00fcrfungen und versp\u00fcrte heftige Schmerzen im Oberk\u00f6rper. Alarmierte Rettungskr\u00e4fte brachten sie in ein Krankenhaus, wo sie station\u00e4r aufgenommen wurde, ebenso ihre 50-j\u00e4hrige Mitfahrerin und ein achtj\u00e4hriges Kind, das sich ebenfalls im Wagen der 70-J\u00e4hrigen befand. Auch der 29-J\u00e4hrige wurde verletzt, bei ihm war nur eine ambulante Behandlung erforderlich. Der Malchower Damm musste f\u00fcr die Zeit der Unfallaufnahme komplett gesperrt werden, davon war auch die BVG-Buslinie 256 betroffen. Die weiteren Ermittlungen zum Unfallhergang f\u00fchrt ein Fachkommissariat f\u00fcr Verkehrsdelikte.<\/p>\n<p>   26-J\u00e4hriger pr\u00fcgelt wahllos auf Passanten ein  <\/p>\n<p><strong>15.50 Uhr:<\/strong> Ein Zeuge alarmierte am Samstagvormittag die Polizei, nachdem er einen Mann beobachtet hatte, der in <strong>Wilmersdorf<\/strong> wahllos Passanten angegriffen hatte. Nach bisherigen Erkenntnissen und Zeugenaussagen versetzte der 26-J\u00e4hrige gegen 10:40 Uhr zun\u00e4chst einem 59 Jahre alten Mann am U-Bahnhof Berliner Stra\u00dfe v\u00f6llig unvermittelt einen Faustschlag. Unmittelbar danach schlug und trat er einen 84-j\u00e4hrigen Passanten an der Kreuzung G\u00fcnzelstra\u00dfe\/Landhausstra\u00dfe, sogar als der Senior bereits am Boden lag. <\/p>\n<p>An der Kreuzung G\u00fcnzelstra\u00dfe\/Holsteinische Stra\u00dfe ging der 26-J\u00e4hrige dann wahllos auf eine 74-J\u00e4hrige und eine 60-j\u00e4hrige Frau los. Auff\u00e4llig war, dass er f\u00fcr seine Angriffe Menschen ausw\u00e4hlte, die ihm offenkundig k\u00f6rperlich unterlegen waren. Der 84-J\u00e4hrige und die 74-J\u00e4hrige wurden zu ambulanten Behandlungen in Krankenh\u00e4user gebracht. Da der 26-J\u00e4hrige bereits polizeilich bekannt ist und gegen\u00fcber den Einsatzkr\u00e4ften, die ihn festnahmen, angab, weitere Straftaten begehen zu wollen, wurde er nach Abschluss der polizeilichen Ma\u00dfnahmen einem Richter vorgef\u00fchrt, der einen Unterbindungsgewahrsam bis zum Ablauf des Folgetages anordnete.\u00a0<\/p>\n<p>   Alkoholisierter Mann besch\u00e4digt Autos und wirft Ziegelstein  <\/p>\n<p><strong>15.45 Uhr<\/strong>: Einem Zeugen fiel in der vergangenen Nacht in <strong>Lichtenberg<\/strong> ein Mann auf, der geparkte Autos in der N\u00f6ldnerstra\u00dfe besch\u00e4digte. Er alarmierte gegen 22:45 Uhr die Polizei und sprach den Randalierer an. Dieser bep\u00f6belte den Zeugen und warf einen Ziegelstein nach ihm, traf aber nur einen T\u00fcrrahmen und besch\u00e4digte auch diesen. Polizeikr\u00e4fte stellten den 52-j\u00e4hrigen offenkundig alkoholisierten Mann vor dem Abschnittsgeb\u00e4ude. Als die Polizeikr\u00e4fte seine Personalien feststellen wollten, wurde er verbal aggressiv und leistete Widerstand. <\/p>\n<p>Der Mann kam schlie\u00dflich in ein Polizeigewahrsam, auch dort leistete er bei der Blutentnahme Widerstand. Ein Angestellter des Gewahrsams wurde dabei an einer Hand verletzt, konnte jedoch im Dienst bleiben. Nach Beendigung der polizeilichen Ma\u00dfnahmen wurde der Tatverd\u00e4chtige zun\u00e4chst entlassen. Kurz nach 1 Uhr begab er sich zu einer Polizeidienststelle des Abschnitts 51 in der Wedekindstra\u00dfe und versuchte dort, die T\u00fcr einzutreten. Er wurde erneut festgenommen, anschlie\u00dfend ging es zur\u00fcck in den Gewahrsam, wo der 52-J\u00e4hrige dann den Rest der Nacht verbringen musste<\/p>\n<p>    Dachstuhl eines Wohnhauses in Eberswalde in Flammen  <\/p>\n<p>    <img decoding=\"async\" src=\"https:\/\/www.europesays.com\/de\/wp-content\/uploads\/2025\/06\/408512659_1741530475_v16_9_1200.jpeg\" class=\"block w-full aspect-[16\/9] \" alt=\"In Eberswalde brannte ein Dachstuhl.\" title=\"In Eberswalde brannte ein Dachstuhl.\" loading=\"lazy\"\/><\/p>\n<p>\n      In Eberswalde brannte ein Dachstuhl.<br \/>\n      \u00a9 Peise | Peise\n    <\/p>\n<p><strong>15.25 Uhr: <\/strong>Ein Dachstuhl ist am Nachmittag in einem Wohnblock in <strong>Eberswalde <\/strong>(Kreis Barnim) in Brand geraten. Eine gr\u00f6\u00dfere Zahl von Bewohnern musste die Wohnungen verlassen, wie die Feuerwehr sagte. Zur Zahl der Verletzten konnte ein Sprecher zun\u00e4chst nichts sagen. Es seien mehrere Aufg\u00e4nge eines Wohnblocks in der Frankfurter Allee betroffen. Die L\u00f6scharbeiten dauerten an.<\/p>\n<p>  Mann schie\u00dft vom Balkon  <\/p>\n<p><strong>13.10 Uhr:<\/strong> Im\u00a0<strong>M\u00e4rkischen Viertel <\/strong>hat ein Mann mit einer Schusswaffe vom Balkon geschossen. Spezialkr\u00e4fte r\u00fcckten am Samstagabend an und nahmen den 62-J\u00e4hrigen fest, wie die Polizei mitteilte. Dabei sei dieser im Mundbereich verletzt worden und musste im Krankenhaus behandelt werden. Der Mann war nach Angaben einer Zeugin nicht zum ersten Mal durch dieses Verhalten auff\u00e4llig geworden, wie die Polizei berichtete.\u00a0<\/p>\n<p>Bei der Durchsuchung der Wohnung fanden und beschlagnahmten die Einsatzkr\u00e4fte ein Luftdruckgewehr, Munition und Feuerwerksk\u00f6rper, deren Besitz und Verwendung nur mit beh\u00f6rdlicher Genehmigung gestattet ist. Durch die Sch\u00fcsse des Mannes wurde nach Angaben der Polizei niemand verletzt.<\/p>\n<p>  Alkoholisierter Radfahrer st\u00f6\u00dft mit BVG-Bus zusammen  <\/p>\n<p><strong>12.30 Uhr:<\/strong> Am Sonntagmorgen kam es laut Polizei in <strong>Sch\u00f6neberg<\/strong> zu einem Verkehrsunfall, an dem ein BVG-Bus und ein Radfahrer beteiligt waren. Gegen 3.35 Uhr fuhren der 65-j\u00e4hrige Busfahrer und der 24-j\u00e4hrige Radfahrer nebeneinander auf der Busspur der Kolonnenstra\u00dfe in Richtung Hauptstra\u00dfe. Nach den bisherigen Erkenntnissen kam es dabei zu einem seitlichen Zusammensto\u00df, bei dem der Radfahrer eine Beinverletzung davontrug. W\u00e4hrend der Unfallaufnahme nahmen die Einsatzkr\u00e4fte bei dem 24-J\u00e4hrigen Sprachschwierigkeiten, Alkoholgeruch und geweitete Pupillen wahr. Zu einem freiwilligen Atemalkoholtest war der Mann nicht bereit. Alarmierte Rettungskr\u00e4fte brachten ihn in ein Krankenhaus, wo er operiert werden musste und anschlie\u00dfend zur station\u00e4ren Behandlung verblieb. <\/p>\n<p>  M\u00e4nner springen aus Auto und rauben Mann aus  <\/p>\n<p><strong>12.20 Uhr: <\/strong>In<strong> Tiergarten <\/strong>ist ein 27-J\u00e4hriger bei einem Raub\u00fcberfall verletzt worden. Der Mann habe gegen drei Uhr nachts an einer Stra\u00dfe auf einen Bekannten gewartet, als neben ihm ein Auto gehalten habe, teilte die Polizei mit. Vier M\u00e4nner seien ausgestiegen und h\u00e4tten ihn mit vorgehaltenem Messer dazu aufgefordert, seine Wertsachen zu \u00fcbergeben. Die M\u00e4nner pr\u00fcgelten ihn schlie\u00dflich zu Boden und entwendeten Bargeld, so die Polizei.\u00a0<\/p>\n<p>Die vier sollen auch versucht haben, den 27-J\u00e4hrigen in das Auto zu zerren, was jedoch nicht gelang. Er wurde jedoch f\u00fcr einige Meter mitgeschleift. Der 27-J\u00e4hrige trug Verletzungen am Kopf, einem Arm und einem Bein davon. Die Polizei ermittelt.<\/p>\n<p>  Frau mit 3,3 Promille greift 18-J\u00e4hrigen an und beleidigt ihn rassistisch  <\/p>\n<p><strong>11.30 Uhr:<\/strong> Samstagnachmittag wurden Einsatzkr\u00e4fte der Polizei wegen einer randalierenden Frau nach <strong>Alt-Hohensch\u00f6nhausen<\/strong> gerufen. Ein 18-J\u00e4hriger, der gegen 15.50 Uhr mit seinem Fahrrad in einer Gr\u00fcnanlage an der Genslerstra\u00dfe unterwegs war, gab an, eine noch am Ort befindliche 43-j\u00e4hrige Frau habe ihn gestoppt, festgehalten und rassistisch beleidigt. Beim Festhalten habe sie ihn zudem gekratzt. Eine Zeugin best\u00e4tigte die Aussagen des jungen Mannes. Eine freiwillige Atemalkoholkontrolle ergab bei der Tatverd\u00e4chtigen einen Wert von etwa 3,3 Promille. Die Ermittlungen wegen Beleidigung und K\u00f6rperverletzung \u00fcbernimmt nun der Polizeiliche Staatsschutz des Landeskriminalamtes.<\/p>\n<p>  Autos sto\u00dfen in Wilmersdorf zusammen  <\/p>\n<p><strong>11.10 Uhr: <\/strong>Bei einem Verkehrsunfall in <strong>Wilmersdorf <\/strong>sind zwei Menschen verletzt worden. Ein 26-j\u00e4hriger Autofahrer sei am Samstag gegen Mitternacht an einer Kreuzung unterwegs gewesen, als ein 55-J\u00e4hriger ihm die Vorfahrt genommen habe, teilte die Polizei mit. Es kam zum Zusammensto\u00df.<\/p>\n<p>   Morgenpost Sp\u00e4ti<\/p>\n<p class=\"text-body2 mt-2\">Hier steckt alles drin: Ihr Berlin-Update zum Feierabend \u2013 montags bis freitags um 18 Uhr.<\/p>\n<p class=\"text-caption text-copy-secondary\">\n          Mit meiner Anmeldung zum Newsletter stimme ich der<br \/>\n          <a href=\"https:\/\/www.morgenpost.de\/service\/newsletter-adconsent\" class=\"text-overline text-copy-accent-negative dark:underline\" rel=\"nofollow noopener\" target=\"_blank\">Werbevereinbarung<\/a><br \/>\n          zu.\n        <\/p>\n<p>Der 26-J\u00e4hrige und die 48-j\u00e4hrige Beifahrerin des anderen Mannes wurden verletzt. Sie kamen in ein Krankenhaus. Den Angaben zufolge waren beide Autos nicht mehr fahrbereit. Zus\u00e4tzlich seien ein Stra\u00dfenschild sowie ein geparktes Auto besch\u00e4digt worden.<\/p>\n<p>    <img decoding=\"async\" src=\"https:\/\/www.europesays.com\/de\/wp-content\/uploads\/2025\/06\/408509518_1741507293_v16_9_1200.jpeg\" class=\"block w-full aspect-[16\/9] \" alt=\"Unfall in Rathenow\" title=\"Unfall in Rathenow\" loading=\"lazy\"\/><\/p>\n<p>\n      Unfall in Rathenow<br \/>\n      \u00a9 Peise | Peise\n    <\/p>\n<p>    Auto landet nach Unfall im Havelland auf der Seite  <\/p>\n<p><strong>08.45 Uhr: <\/strong>An der Kreuzung Potsdamer Ecke Ruppiner Stra\u00dfe in Rathenow im <strong>Landkreis Havelland<\/strong> kam es am fr\u00fchen Sonntagmorgen zu einem Verkehrsunfall, bei dem eine Person verletzt wurde. Der Fahrer eines VW kam von der Fahrbahn ab, das Auto prallte gegen einen Baum und kippte auf die Seite. Die Feuerwehr sicherte die Unfallstelle und stellte den Pkw wieder auf die R\u00e4der.<\/p>\n<p>BM\/dpa<\/p>\n","protected":false},"excerpt":{"rendered":"Berlin. Im Havelland krachte in der Nacht ein Auto gegen einen Baum und schlitterte dann \u00fcber die Stra\u00dfe.&hellip;\n","protected":false},"author":2,"featured_media":195499,"comment_status":"","ping_status":"","sticky":false,"template":"","format":"standard","meta":{"footnotes":""},"categories":[1825],"tags":[1941,1939,296,1937,29,30,1940,1938],"class_list":{"0":"post-195498","1":"post","2":"type-post","3":"status-publish","4":"format-standard","5":"has-post-thumbnail","7":"category-berlin","8":"tag-aktuelle-nachrichten-aus-berlin","9":"tag-aktuelle-news-aus-berlin","10":"tag-berlin","11":"tag-berlin-news","12":"tag-deutschland","13":"tag-germany","14":"tag-nachrichten-aus-berlin","15":"tag-news-aus-berlin"},"share_on_mastodon":{"url":"https:\/\/pubeurope.com\/@de\/114694717744021770","error":""},"_links":{"self":[{"href":"https:\/\/www.europesays.com\/de\/wp-json\/wp\/v2\/posts\/195498","targetHints":{"allow":["GET"]}}],"collection":[{"href":"https:\/\/www.europesays.com\/de\/wp-json\/wp\/v2\/posts"}],"about":[{"href":"https:\/\/www.europesays.com\/de\/wp-json\/wp\/v2\/types\/post"}],"author":[{"embeddable":true,"href":"https:\/\/www.europesays.com\/de\/wp-json\/wp\/v2\/users\/2"}],"replies":[{"embeddable":true,"href":"https:\/\/www.europesays.com\/de\/wp-json\/wp\/v2\/comments?post=195498"}],"version-history":[{"count":0,"href":"https:\/\/www.europesays.com\/de\/wp-json\/wp\/v2\/posts\/195498\/revisions"}],"wp:featuredmedia":[{"embeddable":true,"href":"https:\/\/www.europesays.com\/de\/wp-json\/wp\/v2\/media\/195499"}],"wp:attachment":[{"href":"https:\/\/www.europesays.com\/de\/wp-json\/wp\/v2\/media?parent=195498"}],"wp:term":[{"taxonomy":"category","embeddable":true,"href":"https:\/\/www.europesays.com\/de\/wp-json\/wp\/v2\/categories?post=195498"},{"taxonomy":"post_tag","embeddable":true,"href":"https:\/\/www.europesays.com\/de\/wp-json\/wp\/v2\/tags?post=195498"}],"curies":[{"name":"wp","href":"https:\/\/api.w.org\/{rel}","templated":true}]}}