{"id":195712,"date":"2025-06-16T21:25:17","date_gmt":"2025-06-16T21:25:17","guid":{"rendered":"https:\/\/www.europesays.com\/de\/195712\/"},"modified":"2025-06-16T21:25:17","modified_gmt":"2025-06-16T21:25:17","slug":"muenster-deutsch-ukrainische-konferenz-radio-kiepenkerl","status":"publish","type":"post","link":"https:\/\/www.europesays.com\/de\/195712\/","title":{"rendered":"M\u00dcNSTER: Deutsch-ukrainische Konferenz &#8211; Radio Kiepenkerl"},"content":{"rendered":"<p class=\"small date article__date\">Ver\u00f6ffentlicht:\u00a0Montag, 16.06.2025 17:26<\/p>\n<p>\u00a0In M\u00fcnster ist heute die siebte deutsch-ukrainische kommunale Partnerschaftskonferenz gestartet. Bis Mittwoch sind rund 700 Vertreter aus St\u00e4dten und Gemeinden sowie weitere Engagierte, die im deutsch-ukrainischen Partnerschaftsnetzwerk aktiv sind, in M\u00fcnster zu Gast. \u00dcber 300 davon sind aus der Ukraine angereist.<\/p>\n<p><img decoding=\"async\" alt=\"\" src=\"https:\/\/www.europesays.com\/de\/wp-content\/uploads\/2025\/06\/ukraine_krieg_fluechtlinge_flagge1.png&#038;crop=0x240x1280x800&#038;resize=1280x800&#038;dt=202206290939300.png\" data-size=\"1280x800\"\/><\/p>\n","protected":false},"excerpt":{"rendered":"Ver\u00f6ffentlicht:\u00a0Montag, 16.06.2025 17:26 \u00a0In M\u00fcnster ist heute die siebte deutsch-ukrainische kommunale Partnerschaftskonferenz gestartet. Bis Mittwoch sind rund 700&hellip;\n","protected":false},"author":2,"featured_media":195713,"comment_status":"","ping_status":"","sticky":false,"template":"","format":"standard","meta":{"footnotes":""},"categories":[1843],"tags":[5677,3364,29,30,8970,1209],"class_list":{"0":"post-195712","1":"post","2":"type-post","3":"status-publish","4":"format-standard","5":"has-post-thumbnail","7":"category-muenster","8":"tag-munster","9":"tag-de","10":"tag-deutschland","11":"tag-germany","12":"tag-muenster","13":"tag-nordrhein-westfalen"},"share_on_mastodon":{"url":"https:\/\/pubeurope.com\/@de\/114695158240963021","error":""},"_links":{"self":[{"href":"https:\/\/www.europesays.com\/de\/wp-json\/wp\/v2\/posts\/195712","targetHints":{"allow":["GET"]}}],"collection":[{"href":"https:\/\/www.europesays.com\/de\/wp-json\/wp\/v2\/posts"}],"about":[{"href":"https:\/\/www.europesays.com\/de\/wp-json\/wp\/v2\/types\/post"}],"author":[{"embeddable":true,"href":"https:\/\/www.europesays.com\/de\/wp-json\/wp\/v2\/users\/2"}],"replies":[{"embeddable":true,"href":"https:\/\/www.europesays.com\/de\/wp-json\/wp\/v2\/comments?post=195712"}],"version-history":[{"count":0,"href":"https:\/\/www.europesays.com\/de\/wp-json\/wp\/v2\/posts\/195712\/revisions"}],"wp:featuredmedia":[{"embeddable":true,"href":"https:\/\/www.europesays.com\/de\/wp-json\/wp\/v2\/media\/195713"}],"wp:attachment":[{"href":"https:\/\/www.europesays.com\/de\/wp-json\/wp\/v2\/media?parent=195712"}],"wp:term":[{"taxonomy":"category","embeddable":true,"href":"https:\/\/www.europesays.com\/de\/wp-json\/wp\/v2\/categories?post=195712"},{"taxonomy":"post_tag","embeddable":true,"href":"https:\/\/www.europesays.com\/de\/wp-json\/wp\/v2\/tags?post=195712"}],"curies":[{"name":"wp","href":"https:\/\/api.w.org\/{rel}","templated":true}]}}