{"id":19572,"date":"2025-04-10T00:37:14","date_gmt":"2025-04-10T00:37:14","guid":{"rendered":"https:\/\/www.europesays.com\/de\/19572\/"},"modified":"2025-04-10T00:37:14","modified_gmt":"2025-04-10T00:37:14","slug":"milchriese-dmk-plant-grossfusion-mit-daenischem-konkurrenten","status":"publish","type":"post","link":"https:\/\/www.europesays.com\/de\/19572\/","title":{"rendered":"Milchriese DMK plant Gro\u00dffusion mit d\u00e4nischem Konkurrenten"},"content":{"rendered":"<p>Bauern in Sorge <\/p>\n<p>Bremer Milchriese plant Gro\u00dffusion<\/p>\n<p>08.04.2025Lesedauer: 2 Min.<\/p>\n<p><a href=\"#focus-0\" class=\"transition-colors duration-200 focus-within:text-magenta block text-current relative\" data-sctrack=\"FocusGalleryImage.Reference\"><img fetchpriority=\"high\" data-testid=\"Opener.Image\" style=\"--lqipURL:url('https:\/\/images.t-online.de\/2025\/04\/Xsd98ji2ypYF\/0x301:3000x1688\/fit-in\/150x0\/filters:blur(25)\/a-ranch-in-suqian-workers-work-on-a-large-modern-milking-line-in-suqian-jiangsu-province-china-on-september-4-2024-suqian-china-publicationxnotxinxfra-copyright-xcfotox-originalfilename-cfoto-aranchin240905-nptgx-jpg.jpg')\"   loading=\"eager\" src=\"https:\/\/www.europesays.com\/de\/wp-content\/uploads\/2025\/04\/a-ranch-in-suqian-workers-work-on-a-large-modern-milking-line-in-suqian-jiangsu-province-china-on-se.jpeg\" alt=\"imago images 0759533916\" title=\"imago images 0759533916\" width=\"3000\" height=\"1688\" class=\"bg-[url:var(--lqipURL)] bg-cover bg-center flex w-full max-w-full h-full\" decoding=\"async\"\/><img style=\"--width:32;--height:32\" loading=\"lazy\" src=\"https:\/\/www.europesays.com\/de\/wp-content\/uploads\/2025\/03\/zoom-in.f7dae02f.svg.svg+xml\" alt=\"Vergr\u00f6\u00dfern des Bildes\" title=\"Vergr\u00f6\u00dfern des Bildes\" class=\"&#10;        block&#10;        h-[calc(var(--height)_\/_16_*_1rem)]&#10;        w-[calc(var(--width)_\/_16_*_1rem)]&#10;        max-w-none&#10;        absolute bottom-8 right-8 rounded-4 bg-snow p-8\" decoding=\"async\"\/><\/a><\/p>\n<p>Milchproduktion (Symbolfoto): Welche Folgen die geplante Fusion f\u00fcr Mitarbeiter beider Unternehmen haben k\u00f6nnte, ist noch unklar. (Quelle: IMAGO\/CFOTO\/imago)<\/p>\n<p class=\"font-bold text-18 leading-17\">Europas &#8222;leistungsst\u00e4rkste Molkereigenossenschaft&#8220; steht kurz vor seiner Gr\u00fcndung. Mittendrin: Bremen. Das ist geplant \u2013 und das \u00e4ndert sich.<\/p>\n<p class=\"text-18 leading-17\">Die deutsche DMK Group plant eine Fusion mit Arla Foods. Die Vertreterversammlungen der Genossenschaften stimmen Mitte Juni \u00fcber die Fusion ab. Die Molkereigenossenschaft DMK Group aus Zeven in Niedersachsen will sich mit dem d\u00e4nisch-schwedischen Branchenriesen Arla Foods zusammenschlie\u00dfen. Dies teilten beide Unternehmen am Dienstag mit. Durch die Fusion sollen mehr als 12.000 Milchbauern zusammengebracht werden, um &#8222;die leistungsst\u00e4rkste Molkereigenossenschaft Europas&#8220; zu schaffen.<\/p>\n<p class=\"text-18 leading-17\">Der Zusammenschluss verspricht Vorteile f\u00fcr Verbraucher, darunter eine F\u00f6rderung hochwertiger Milchproduktion und ein verbessertes Angebot an Milchprodukten, hie\u00df es. Au\u00dferdem sollen die Beh\u00f6rden bis Ende 2025 ihre Genehmigung erteilen, damit das fusionierte Unternehmen unter dem Namen Arla firmieren kann.<\/p>\n<p class=\"text-18 leading-17\">DMK hat seinen Sitz in Zeven und seine Verwaltung in <a class=\"transition-colors duration-200 cursor-pointer text-inherit no-underline text-salemsfur md:hover:text-magenta md:hover:border-magenta md:focus:text-magenta border-current border-b border-solid break-words\" href=\"https:\/\/www.t-online.de\/region\/bremen\/\" data-sctrack=\"BodyAnchor\" rel=\"nofollow noopener\" target=\"_blank\">Bremen<\/a>, w\u00e4hrend Arla im d\u00e4nischen Viby ans\u00e4ssig ist. Der zuk\u00fcnftige Hauptsitz des fusionierten Unternehmens soll ebenfalls in Viby sein. Zusammen kommen die beiden Genossenschaften auf knapp 19 Milliarden Euro Jahresumsatz und rund 28.700 Mitarbeiter. Laut einer \u00dcbersicht der niederl\u00e4ndischen Bank Rabobank war Arla zuletzt das siebtgr\u00f6\u00dfte Molkereiunternehmen der Welt, DMK landete auf Rang 18.<\/p>\n<p class=\"text-18 leading-17\">Der Bundesverband Deutscher Milchviehhalter (BDM) fordert eine kritische Pr\u00fcfung der geplanten Fusion durch die zust\u00e4ndigen Beh\u00f6rden. BDM-Vorsitzender Karsten Hansen bef\u00fcrchtet, dass die Machtkonzentration den Wettbewerb um Rohmilch weiter einschr\u00e4nkt und die Abh\u00e4ngigkeit der Milchviehhalter von wenigen Gro\u00dfkonzernen verst\u00e4rkt: &#8222;Die Macht der Molkereien wird damit weiter ausgebaut.&#8220;<\/p>\n<p class=\"text-18 leading-17\">Peter Tuborgh, CEO bei Arla Foods, teilte in einem Beitrag bei Instagram mit, die Fusion sei &#8222;wahrlich ein Meilenstein f\u00fcr Milchwirtschaft in Europa&#8220;. Die Fusion stelle f\u00fcr Verbraucher eine langfristige und nachhaltige Milchproduktion sicher. Die Portfolios beider Konzern w\u00fcrden sich &#8222;hervorragend&#8220; erg\u00e4nzen, erg\u00e4nzte er.<\/p>\n<p class=\"text-18 leading-17\">Wie sich die Fusion auf Standorte und Angestellte in Deutschland auswirken wird, bleibt unklar. Eine Sprecherin von DMK versichert jedoch: &#8222;Kurzfristig wird es f\u00fcr unsere Landwirte und Mitarbeiter keine \u00c4nderungen geben \u2013 es wird alles wie bisher gewohnt weiterlaufen.&#8220;<\/p>\n<p class=\"text-18 leading-17\">DMK betreibt die meisten seiner Standorte in Niedersachsen sowie weitere Betriebe unter anderem in Schleswig-Holstein, Mecklenburg-Vorpommern, Nordrhein-Westfalen, Th\u00fcringen und Baden-W\u00fcrttemberg.<\/p>\n","protected":false},"excerpt":{"rendered":"Bauern in Sorge Bremer Milchriese plant Gro\u00dffusion 08.04.2025Lesedauer: 2 Min. Milchproduktion (Symbolfoto): Welche Folgen die geplante Fusion f\u00fcr&hellip;\n","protected":false},"author":2,"featured_media":19573,"comment_status":"","ping_status":"","sticky":false,"template":"","format":"standard","meta":{"footnotes":""},"categories":[1824],"tags":[722,2072,2420,3364,29,663,30,12330,12332,12328,12329,1411,12333,12331],"class_list":{"0":"post-19572","1":"post","2":"type-post","3":"status-publish","4":"format-standard","5":"has-post-thumbnail","7":"category-bremen","8":"tag-722","9":"tag-2072","10":"tag-bremen","11":"tag-de","12":"tag-deutschland","13":"tag-europa","14":"tag-germany","15":"tag-grossfusion","16":"tag-milchproduktion","17":"tag-milchriese","18":"tag-molkereigenossenschaft","19":"tag-niedersachsen","20":"tag-viby","21":"tag-zeven"},"share_on_mastodon":{"url":"https:\/\/pubeurope.com\/@de\/114310876368653988","error":""},"_links":{"self":[{"href":"https:\/\/www.europesays.com\/de\/wp-json\/wp\/v2\/posts\/19572","targetHints":{"allow":["GET"]}}],"collection":[{"href":"https:\/\/www.europesays.com\/de\/wp-json\/wp\/v2\/posts"}],"about":[{"href":"https:\/\/www.europesays.com\/de\/wp-json\/wp\/v2\/types\/post"}],"author":[{"embeddable":true,"href":"https:\/\/www.europesays.com\/de\/wp-json\/wp\/v2\/users\/2"}],"replies":[{"embeddable":true,"href":"https:\/\/www.europesays.com\/de\/wp-json\/wp\/v2\/comments?post=19572"}],"version-history":[{"count":0,"href":"https:\/\/www.europesays.com\/de\/wp-json\/wp\/v2\/posts\/19572\/revisions"}],"wp:featuredmedia":[{"embeddable":true,"href":"https:\/\/www.europesays.com\/de\/wp-json\/wp\/v2\/media\/19573"}],"wp:attachment":[{"href":"https:\/\/www.europesays.com\/de\/wp-json\/wp\/v2\/media?parent=19572"}],"wp:term":[{"taxonomy":"category","embeddable":true,"href":"https:\/\/www.europesays.com\/de\/wp-json\/wp\/v2\/categories?post=19572"},{"taxonomy":"post_tag","embeddable":true,"href":"https:\/\/www.europesays.com\/de\/wp-json\/wp\/v2\/tags?post=19572"}],"curies":[{"name":"wp","href":"https:\/\/api.w.org\/{rel}","templated":true}]}}