{"id":195816,"date":"2025-06-16T22:21:25","date_gmt":"2025-06-16T22:21:25","guid":{"rendered":"https:\/\/www.europesays.com\/de\/195816\/"},"modified":"2025-06-16T22:21:25","modified_gmt":"2025-06-16T22:21:25","slug":"bauer-sucht-frau-star-inka-bause-hat-zweifel-an-anna-heisers-umzugsplaenen","status":"publish","type":"post","link":"https:\/\/www.europesays.com\/de\/195816\/","title":{"rendered":"&#8222;Bauer sucht Frau&#8220;-Star Inka Bause hat Zweifel an Anna Heisers Umzugspl\u00e4nen"},"content":{"rendered":"<p>&#8222;Bauer sucht Frau&#8220;-Stars<\/p>\n<p>Inka Bause hat Zweifel an Anna Heisers Umzugspl\u00e4nen<\/p>\n<p><img decoding=\"async\" data-hk=\"008350a11011002010\" loading=\"lazy\" src=\"https:\/\/www.europesays.com\/de\/wp-content\/uploads\/2025\/06\/1750112483_147_ea42a8fb-b07c-49b9-a921-4b99fea2de2d.b70b59ca-c483-4add-9ac1-1a49fe9143ca.jpeg\" alt=\"Nico Mars\u00e4nger\" width=\"48\" height=\"48\"\/>Nico Mars\u00e4ngervon <a href=\"https:\/\/www.bunte.de\/authorprofile\/nico-marsaenger\" rel=\"nofollow noopener\" target=\"_blank\">Nico Mars\u00e4nger<\/a><\/p>\n<p>16.06.2025, 21:05 Uhr<\/p>\n<p>16. Juni 2025 um 21:05 Uhr<\/p>\n<p>Anna und Gerald Heiser aus &#8222;Bauer sucht Frau&#8220; stehen nach turbulenten Monaten vor einem Neuanfang \u2013 TV-Kupplerin Inka Bause ist nicht ganz \u00fcberzeugt.<\/p>\n<p><a href=\"https:\/\/www.bunte.de\/starprofile\/anna-heiser.html\" rel=\"follow nofollow noopener\" target=\"_self\">Anna<\/a> (34) und Gerald Heiser (40) aus &#8222;Bauer sucht Frau&#8220; stehen vor einem Neuanfang. Nach turbulenten Zeiten und einer Ehekrise ziehen sie von Namibia nach Polen. Moderatorin <a href=\"https:\/\/www.bunte.de\/starprofile\/inka-bause.html\" rel=\"follow nofollow noopener\" target=\"_self\">Inka Bause<\/a> (56) zeigt sich skeptisch, ob der Wechsel gelingen wird.<\/p>\n<p>Anna und Gerald Heiser ziehen nach Polen<\/p>\n<p>Anna und Gerald Heiser haben sich 2017 vor den Augen von Inka Bause kennengelernt. Sie gingen aus der RTL-Show &#8222;Bauer sucht Frau&#8220; als Paar heraus. Doch die beiden haben eine bewegte Zeit hinter sich.\u00a0<\/p>\n<p>ANZEIGE<\/p>\n<p>Seit ihrer Teilnahme haben sie geheiratet und zwei Kinder bekommen. Die letzten Monate hingegen waren von <a href=\"https:\/\/www.bunte.de\/stars\/star-news\/bauer-sucht-frau-stars-anna-gerald-heiser-packen-ueber-ehekrise-aus.html\" rel=\"follow nofollow noopener\" target=\"_self\">Schlagzeilen \u00fcber eine Ehekrise bei den Heisers<\/a> gepr\u00e4gt, die das Paar nun hinter sich lassen will \u2013 im wahrsten Sinne des Wortes. Die Heisers wollen von Namibia nach Polen ziehen.<\/p>\n<p><img decoding=\"async\" data-hk=\"008350a1704004010\" loading=\"lazy\"  src=\"https:\/\/www.europesays.com\/de\/wp-content\/uploads\/2025\/06\/3dc72794-514c-4099-8dda-0bab7171d0bb.d27fecb1-d2ce-4066-8203-7c068eaa060c.jpeg\"  alt=\"&quot;Last von uns gefallen&quot;: Anna Heiser \u00fcber Paartherapie und Umzug\" width=\"480\" height=\"720\"\/> &#8222;Last von uns gefallen&#8220;: Anna Heiser \u00fcber Paartherapie und Umzug  Tristar Media\/Getty Images <\/p>\n<p>Und was sagt &#8222;Bauer sucht Frau&#8220;-Moderatorin Inka Bause dazu? &#8222;Ich dr\u00fccke den beiden ganz fest die Daumen, dass sie diese Herausforderung gut meistern \u2013 und vor allem, dass sie als Familie gl\u00fccklich bleiben&#8220;, sagt die TV-Kupplerin.<\/p>\n<p>ANZEIGE<\/p>\n<p>Inka Bause \u00e4u\u00dfert Zweifel<\/p>\n<p>Aber neben der Zustimmung lassen sich auch Zweifel heraush\u00f6ren. Weiter sagt sie: &#8222;Aber, dass sie nun Namibia verlassen und nach Polen gehen m\u00f6chten, kann ich mir im Moment noch kaum vorstellen. Gerald ist dort geboren und aufgewachsen \u2013 ob er sich in einem anderen Land genauso wohlf\u00fchlt?&#8220;<\/p>\n<p>Die Heisers m\u00f6chten in Polen nicht nur ihre Beziehung festigen, sondern auch beruflich Fu\u00df fassen.\u00a0Insgesamt w\u00fcnscht auch Inka Bause ihren Sch\u00fctzlingen nur alles Gute. Sie sagt abschlie\u00dfend: &#8222;Aber vielleicht ist es gerade jetzt an der Zeit, gemeinsam neue Wege zu gehen.&#8220;<\/p>\n","protected":false},"excerpt":{"rendered":"&#8222;Bauer sucht Frau&#8220;-Stars Inka Bause hat Zweifel an Anna Heisers Umzugspl\u00e4nen Nico Mars\u00e4ngervon Nico Mars\u00e4nger 16.06.2025, 21:05 Uhr&hellip;\n","protected":false},"author":2,"featured_media":195817,"comment_status":"","ping_status":"","sticky":false,"template":"","format":"standard","meta":{"footnotes":""},"categories":[1773],"tags":[29,214,30,471,1780,215],"class_list":{"0":"post-195816","1":"post","2":"type-post","3":"status-publish","4":"format-standard","5":"has-post-thumbnail","7":"category-serien","8":"tag-deutschland","9":"tag-entertainment","10":"tag-germany","11":"tag-serien","12":"tag-series","13":"tag-unterhaltung"},"share_on_mastodon":{"url":"https:\/\/pubeurope.com\/@de\/114695378599766348","error":""},"_links":{"self":[{"href":"https:\/\/www.europesays.com\/de\/wp-json\/wp\/v2\/posts\/195816","targetHints":{"allow":["GET"]}}],"collection":[{"href":"https:\/\/www.europesays.com\/de\/wp-json\/wp\/v2\/posts"}],"about":[{"href":"https:\/\/www.europesays.com\/de\/wp-json\/wp\/v2\/types\/post"}],"author":[{"embeddable":true,"href":"https:\/\/www.europesays.com\/de\/wp-json\/wp\/v2\/users\/2"}],"replies":[{"embeddable":true,"href":"https:\/\/www.europesays.com\/de\/wp-json\/wp\/v2\/comments?post=195816"}],"version-history":[{"count":0,"href":"https:\/\/www.europesays.com\/de\/wp-json\/wp\/v2\/posts\/195816\/revisions"}],"wp:featuredmedia":[{"embeddable":true,"href":"https:\/\/www.europesays.com\/de\/wp-json\/wp\/v2\/media\/195817"}],"wp:attachment":[{"href":"https:\/\/www.europesays.com\/de\/wp-json\/wp\/v2\/media?parent=195816"}],"wp:term":[{"taxonomy":"category","embeddable":true,"href":"https:\/\/www.europesays.com\/de\/wp-json\/wp\/v2\/categories?post=195816"},{"taxonomy":"post_tag","embeddable":true,"href":"https:\/\/www.europesays.com\/de\/wp-json\/wp\/v2\/tags?post=195816"}],"curies":[{"name":"wp","href":"https:\/\/api.w.org\/{rel}","templated":true}]}}