{"id":195868,"date":"2025-06-16T22:49:27","date_gmt":"2025-06-16T22:49:27","guid":{"rendered":"https:\/\/www.europesays.com\/de\/195868\/"},"modified":"2025-06-16T22:49:27","modified_gmt":"2025-06-16T22:49:27","slug":"salmin-rebronja-verstaerkt-wuppertaler-sv","status":"publish","type":"post","link":"https:\/\/www.europesays.com\/de\/195868\/","title":{"rendered":"Salmin Rebronja verst\u00e4rkt Wuppertaler SV"},"content":{"rendered":"<p class=\"text_ohne_einzug richtext text-em-55 !leading-serif mx-6 desktop:mx-0\">Der Wuppertaler SV hat seinen n\u00e4chsten Sommertransfer perfekt gemacht: Mit Salmin Rebronja wechselt ein vielversprechender Innenverteidiger an die Wupper, der trotz seines jungen Alters bereits reichlich Erfahrung mitbringt. Der 20-j\u00e4hrige Rechtsfu\u00df kommt auf 44 Eins\u00e4tze in der Regionalliga West und \u00fcberzeugt durch Zweikampfst\u00e4rke, gutes Passspiel und eine hohe Spielintelligenz. <\/p>\n","protected":false},"excerpt":{"rendered":"Der Wuppertaler SV hat seinen n\u00e4chsten Sommertransfer perfekt gemacht: Mit Salmin Rebronja wechselt ein vielversprechender Innenverteidiger an die&hellip;\n","protected":false},"author":2,"featured_media":195869,"comment_status":"","ping_status":"","sticky":false,"template":"","format":"standard","meta":{"footnotes":""},"categories":[1840],"tags":[3364,29,30,21897,24043,1209,64522,64520,64519,5725,6227,4418,64521],"class_list":{"0":"post-195868","1":"post","2":"type-post","3":"status-publish","4":"format-standard","5":"has-post-thumbnail","7":"category-wuppertal","8":"tag-de","9":"tag-deutschland","10":"tag-germany","11":"tag-gutes","12":"tag-innenverteidiger","13":"tag-nordrhein-westfalen","14":"tag-passspiel","15":"tag-rebronja","16":"tag-salmin","17":"tag-spiel","18":"tag-wsv","19":"tag-wuppertal","20":"tag-zweikampfstaerke"},"share_on_mastodon":{"url":"https:\/\/pubeurope.com\/@de\/114695488549596860","error":""},"_links":{"self":[{"href":"https:\/\/www.europesays.com\/de\/wp-json\/wp\/v2\/posts\/195868","targetHints":{"allow":["GET"]}}],"collection":[{"href":"https:\/\/www.europesays.com\/de\/wp-json\/wp\/v2\/posts"}],"about":[{"href":"https:\/\/www.europesays.com\/de\/wp-json\/wp\/v2\/types\/post"}],"author":[{"embeddable":true,"href":"https:\/\/www.europesays.com\/de\/wp-json\/wp\/v2\/users\/2"}],"replies":[{"embeddable":true,"href":"https:\/\/www.europesays.com\/de\/wp-json\/wp\/v2\/comments?post=195868"}],"version-history":[{"count":0,"href":"https:\/\/www.europesays.com\/de\/wp-json\/wp\/v2\/posts\/195868\/revisions"}],"wp:featuredmedia":[{"embeddable":true,"href":"https:\/\/www.europesays.com\/de\/wp-json\/wp\/v2\/media\/195869"}],"wp:attachment":[{"href":"https:\/\/www.europesays.com\/de\/wp-json\/wp\/v2\/media?parent=195868"}],"wp:term":[{"taxonomy":"category","embeddable":true,"href":"https:\/\/www.europesays.com\/de\/wp-json\/wp\/v2\/categories?post=195868"},{"taxonomy":"post_tag","embeddable":true,"href":"https:\/\/www.europesays.com\/de\/wp-json\/wp\/v2\/tags?post=195868"}],"curies":[{"name":"wp","href":"https:\/\/api.w.org\/{rel}","templated":true}]}}