{"id":195961,"date":"2025-06-16T23:41:09","date_gmt":"2025-06-16T23:41:09","guid":{"rendered":"https:\/\/www.europesays.com\/de\/195961\/"},"modified":"2025-06-16T23:41:09","modified_gmt":"2025-06-16T23:41:09","slug":"die-hoehle-der-loewen-coolness-frust-feueralarm-und-sexflaute","status":"publish","type":"post","link":"https:\/\/www.europesays.com\/de\/195961\/","title":{"rendered":"&#8222;Die H\u00f6hle der L\u00f6wen&#8220;: Coolness-Frust, Feueralarm und Sexflaute"},"content":{"rendered":"<p>                    &#8222;Die H\u00f6hle der L\u00f6wen&#8220;<br \/>\n                Coolness-Frust, Feueralarm und Sexflaute<\/p>\n<p>\t\t\t\t\t              \tVon Kai Butterweck<br \/>\n\t\t\t\t              16.06.2025, 23:01 Uhr<\/p>\n<p>\t\t\t\t\t       Artikel anh\u00f6ren<\/p>\n<p>\t\t\t\t\t\t\tDiese Audioversion wurde k\u00fcnstlich generiert. <a href=\"https:\/\/www.n-tv.de\/23249898\" target=\"_blank\" rel=\"noopener\">Mehr Infos<\/a><\/p>\n<p><strong>In der L\u00f6wenh\u00f6hle f\u00fchrt der H\u00f6her-schneller-weiter-Modus oftmals direkt zum Ziel. Diesmal allerdings stehen alle Gr\u00fcnder mit Aufreger-Potential am Ende trotz gr\u00f6\u00dfter Bem\u00fchungen mit leeren H\u00e4nden da.<\/strong><\/p>\n<p>Wenn in der L\u00f6wenh\u00f6hle der Deal-Jubel entfacht, dann schl\u00e4gt das Stimmungsbarometer am h\u00f6chsten aus. Im Rennen um den Highlight-Thron l\u00e4uft man mit einem Deal in der Tasche zumeist ganz vorne mit. Es gibt aber auch Momente, die den herk\u00f6mmlichen Verlauf, inklusive der damit verbundenen Reize und Stimmungen mal eben so ganz spontan auf links drehen. Diesmal sind es gleich drei Start-up-Auftritte, \u00fcber die man an den Format-Stammtischen noch lange reden wird &#8211; und das trotz entt\u00e4uschender Ergebnisse. <\/p>\n<p>Den Anfang machen die beiden Berliner Elisha Benner und Andreas H\u00e4ring, die mit ihrem interaktiven Rechenspielzeug &#8222;TukToro&#8220; hoch hinaus wollen. Mit viel Selbstvertrauen und einer bisweilen an charmanter Arroganz kratzenden Coolness fallen die Hauptst\u00e4dter mit der T\u00fcr ins Haus. Mit im Gep\u00e4ck haben sie ein vermeintliches Umsatzpotential &#8222;in H\u00f6he von 1,3 Millionen Euro&#8220; und eine Bewertung, die den L\u00f6wen beinahe die Sprache verschl\u00e4gt (400.000 Euro f\u00fcr 8 Prozent der Firmenanteile) &#8211; aber eben nur beinahe. Carsten Maschmeyer ergreift als erster das Wort und bringt die beiden Gr\u00fcnder im Handumdrehen wieder zur\u00fcck auf den Boden. &#8222;Eure K\u00f6der schuck ich nicht, es reicht mir, ich bin raus!&#8220;, poltert der Gro\u00dfunternehmer. <\/p>\n<p>Es brennt in der L\u00f6wenh\u00f6hle  <a href=\"https:\/\/www.europesays.com\/de\/wp-content\/uploads\/2025\/06\/Und-plotzlich-brennt-es-in-der-Lowenhohle.jpg\">     <img decoding=\"async\" alt=\"Und pl\u00f6tzlich brennt es in der L\u00f6wenh\u00f6hle.\" src=\"https:\/\/www.europesays.com\/de\/wp-content\/uploads\/2025\/06\/Und-plotzlich-brennt-es-in-der-Lowenhohle.jpg\" class=\"lazyload\"\/>  <\/a>  <\/p>\n<p class=\"article__aside__caption\">Und pl\u00f6tzlich brennt es in der L\u00f6wenh\u00f6hle.<\/p>\n<p class=\"article__aside__copy\">(Foto: RTL \/ Bernd-Michael Maurer)<\/p>\n<p> Nach einer kurzen Denkpause schlie\u00dfen sich auch die Kollegen an und springen im Kollektiv ab. &#8222;Ihr seid zwar cool, mir aber doch eine Spur zu cool!&#8220;, richtet sich Nils Glagau an die Gr\u00fcnder. Dann geht auch das letzte Licht aus. Die beiden sichtlich \u00fcberraschten &#8222;TukToro&#8220;-Verantwortlichen m\u00fcssen unverrichteter Dinge die Heimreise antreten. Auch bei &#8222;HomeResQ&#8220;-Gr\u00fcnder Leonard Mergel machen die L\u00f6wen gro\u00dfe Augen. Der leidenschaftliche Feuerwehrmann ist kaum durch die T\u00fcr, da brennt es auch schon lichterloh &#8211; und zwar im wahrsten Sinne des Wortes. Nach der schnellen L\u00f6schung eines kontrollierten Set-up-Brandes, wendet sich der Elmshorner mit gro\u00dfen Hoffnungen an die L\u00f6wen. Die jedoch haben ihre Zweifel, ob das vorgestellte Informationssystem f\u00fcr Feuerwehr-Einsatzkr\u00e4fte am Ende auch skalierbar ist. Die Investoren lassen sich leider nicht vom Gegenteil \u00fcberzeugen. Und so bleibt der kleine Gro\u00dfbrand zu Beginn des Pitches das einzige Highlight. <\/p>\n<p>Ebenfalls mit gro\u00dfen Erwartungen betreten die beiden &#8222;Kokomoon&#8220;-Gr\u00fcnder Stefan Arens und Nathalie Sorondo-Gooden die L\u00f6wenh\u00f6hle. Die extra aus Palma de Mallorca angereisten Turteltauben haben viel Spa\u00df beim Sex und wollen diese Freude nun weitergeben. Dabei helfen soll das selbst entwickelte Gleitgel, das auf Kokos\u00f6l basiert und so &#8222;rein und nat\u00fcrlich&#8220; ist, dass man es sogar essen kann. Schnell will man die L\u00f6wen unter die sich im woll\u00fcstigen Rhythmus bewegende Bettdecke ziehen. &#8222;Sex meets Beauty!&#8220;, jauchzt das Gr\u00fcnder-Paar.<\/p>\n<p>Am Ende z\u00e4hlt nur der Deal <\/p>\n<p>Aber in der L\u00f6wenh\u00f6hle herrscht heute Sexflaute. Mit 250 verkauften Gleitgelboxen in acht Monaten bringt man kein Investorenherz zum Beben. Die l\u00fcsterne Vorfreude weicht schnell einer unterk\u00fchlten Ern\u00fcchterung. Und so endet auch dieser Aufreger-Pitch ohne jubelnde Gr\u00fcnder und applaudierende L\u00f6wen. Diesmal f\u00fchrt eher weniger zum Ziel, was nicht bedeuten soll, dass hinter den beiden erfolgreichen Start-ups des Abends nicht mindestens genauso viel Arbeit, Leidenschaft und Liebe steckt. Nur fallen leckere koreanische Marinaden und ein smartes Zwischenstecker-System zwischen zu viel Coolness, Feuer und Sex vielleicht nicht ganz so auf. Macht aber nichts. Am Ende z\u00e4hlt der Deal. Und den sichern sich sowohl Sung-Hee Kim aus Hamburg (&#8222;Arang&#8220;) als auch Hans-Peter N\u00e4gele, Andreas Tutschner und Christoph Tutschner aus Leutkirch (&#8222;Akku Life Guard&#8220;).<\/p>\n<p>&#8222;Die Hohle der L\u00f6wen&#8220; verpasst? Alle Folgen der aktuellen Staffel stehen <a href=\"https:\/\/plus.rtl.de\/video-tv\/shows\/die-hoehle-der-loewen-409242?utm_campaign=textlink&amp;utm_source=ntv&amp;utm_medium=owned&amp;utm_term=hoehle-der-loewen&amp;utm_content=25837595\" rel=\"Follow noopener\" target=\"_blank\">auf RTL+ <\/a>im Stream bereit. <\/p>\n","protected":false},"excerpt":{"rendered":"&#8222;Die H\u00f6hle der L\u00f6wen&#8220; Coolness-Frust, Feueralarm und Sexflaute Von Kai Butterweck 16.06.2025, 23:01 Uhr Artikel anh\u00f6ren Diese Audioversion&hellip;\n","protected":false},"author":2,"featured_media":195962,"comment_status":"","ping_status":"","sticky":false,"template":"","format":"standard","meta":{"footnotes":""},"categories":[1773],"tags":[29,23366,214,30,9951,1376,766,765,471,1780,684,215],"class_list":{"0":"post-195961","1":"post","2":"type-post","3":"status-publish","4":"format-standard","5":"has-post-thumbnail","7":"category-serien","8":"tag-deutschland","9":"tag-die-hoehle-der-loewen","10":"tag-entertainment","11":"tag-germany","12":"tag-investitionen","13":"tag-investoren","14":"tag-reality-tv","15":"tag-rtlplus","16":"tag-serien","17":"tag-series","18":"tag-tv","19":"tag-unterhaltung"},"share_on_mastodon":{"url":"https:\/\/pubeurope.com\/@de\/114695693075264787","error":""},"_links":{"self":[{"href":"https:\/\/www.europesays.com\/de\/wp-json\/wp\/v2\/posts\/195961","targetHints":{"allow":["GET"]}}],"collection":[{"href":"https:\/\/www.europesays.com\/de\/wp-json\/wp\/v2\/posts"}],"about":[{"href":"https:\/\/www.europesays.com\/de\/wp-json\/wp\/v2\/types\/post"}],"author":[{"embeddable":true,"href":"https:\/\/www.europesays.com\/de\/wp-json\/wp\/v2\/users\/2"}],"replies":[{"embeddable":true,"href":"https:\/\/www.europesays.com\/de\/wp-json\/wp\/v2\/comments?post=195961"}],"version-history":[{"count":0,"href":"https:\/\/www.europesays.com\/de\/wp-json\/wp\/v2\/posts\/195961\/revisions"}],"wp:featuredmedia":[{"embeddable":true,"href":"https:\/\/www.europesays.com\/de\/wp-json\/wp\/v2\/media\/195962"}],"wp:attachment":[{"href":"https:\/\/www.europesays.com\/de\/wp-json\/wp\/v2\/media?parent=195961"}],"wp:term":[{"taxonomy":"category","embeddable":true,"href":"https:\/\/www.europesays.com\/de\/wp-json\/wp\/v2\/categories?post=195961"},{"taxonomy":"post_tag","embeddable":true,"href":"https:\/\/www.europesays.com\/de\/wp-json\/wp\/v2\/tags?post=195961"}],"curies":[{"name":"wp","href":"https:\/\/api.w.org\/{rel}","templated":true}]}}