{"id":195975,"date":"2025-06-16T23:49:11","date_gmt":"2025-06-16T23:49:11","guid":{"rendered":"https:\/\/www.europesays.com\/de\/195975\/"},"modified":"2025-06-16T23:49:11","modified_gmt":"2025-06-16T23:49:11","slug":"g-7-der-druck-auf-russland-muss-erhoeht-werden-fordert-merz-nach-dem-gespraech-mit-trump","status":"publish","type":"post","link":"https:\/\/www.europesays.com\/de\/195975\/","title":{"rendered":"G 7: \u201eDer Druck auf Russland muss erh\u00f6ht werden\u201c, fordert Merz nach dem Gespr\u00e4ch mit Trump"},"content":{"rendered":"<p>Bundeskanzler Merz hat sich am Rande des G-7-Gipfels in Kanada zu einem 20-min\u00fctigen Vier-Augen-Gespr\u00e4ch mit Trump getroffen. Die Atmosph\u00e4re soll \u201evertrauensvoll und zugewandt\u201c gewesen sein. Doch bei den Russland-Sanktionen kommt Merz nicht ans Ziel. Ein Thema spart er lieber ganz aus.<\/p>\n<p class=\"is-first-paragraph\" data-external=\"Article.FirstParagraph\">Bundeskanzler Friedrich Merz (CDU) und US-Pr\u00e4sident Donald Trump haben in ihrem 20-min\u00fctigen Gespr\u00e4ch am Rande des G-7-Gipfels in Kanada \u00fcber die Eskalation im Nahen Osten und den Ukraine-Krieg gesprochen. Der Kanzler schrieb anschlie\u00dfend auf der Plattform X, es sei \u201eein vertrauensvoller und offener Austausch\u201c gewesen. Eine Zusage f\u00fcr US-Sanktionen gegen Russland konnte er dem US-Pr\u00e4sidenten aber nicht abringen. <\/p>\n<p>\u201eIch sage deutlich: Der Druck auf Russland muss erh\u00f6ht werden\u201c, bekr\u00e4ftigte der Kanzler nach dem Gespr\u00e4ch, das noch vor der ersten Arbeitssitzung der G 7 stattfand. Merz wirbt <a class=\"is-link c-block-items__link c-link--rich-text-renderer\" href=\"https:\/\/www.welt.de\/politik\/ausland\/article256258690\/g7-gipfel-bundeskanzler-merz-und-us-praesident-trump-treffen-in-kanada-ein.html\" data-internal-tracking-enabled=\"true\" data-internal-tracking=\"{&quot;action&quot;:&quot;click&quot;,&quot;label&quot;:&quot;link&quot;,&quot;name&quot;:&quot;Inline Element&quot;,&quot;data&quot;:{&quot;source&quot;:&quot;&quot;,&quot;target&quot;:&quot;https:\/\/www.welt.de\/politik\/ausland\/article256258690\/g7-gipfel-bundeskanzler-merz-und-us-praesident-trump-treffen-in-kanada-ein.html&quot;,&quot;trackingName&quot;:&quot;&quot;,&quot;trackingLabel&quot;:&quot;&quot;}}\" target=\"_blank\" rel=\"noopener\">beim G-7-Gipfel<\/a> zusammen mit den anderen Europ\u00e4ern f\u00fcr weitere Sanktionen gegen Russland, um die Kriegsmaschinerie des russischen Pr\u00e4sidenten Wladimir Putin zu schw\u00e4chen.<\/p>\n<p>\u201eKeine Zusage, keine Festlegung, aber ein sehr intensiver Austausch\u201c<\/p>\n<p>Von Trump gab es nach Angaben aus deutschen Regierungskreisen aber in dem Gespr\u00e4ch weiter keine Zusage, dass die USA mitmachen. \u201eEs gibt keine Zusage von Trump, es gab keine Festlegung, aber es war noch mal ein sehr intensiver Austausch, wo man steht\u201c, hie\u00df es.<\/p>\n<p>Hauptthema des Gespr\u00e4chs sei der <a class=\"is-link c-block-items__link c-link--rich-text-renderer\" href=\"https:\/\/www.welt.de\/politik\/ausland\/article256258890\/krieg-in-nahost-explosionen-waehrend-live-sendung-israel-greift-staatssender-in-teheran-an-liveticker.html\" data-internal-tracking-enabled=\"true\" data-internal-tracking=\"{&quot;action&quot;:&quot;click&quot;,&quot;label&quot;:&quot;link&quot;,&quot;name&quot;:&quot;Inline Element&quot;,&quot;data&quot;:{&quot;source&quot;:&quot;&quot;,&quot;target&quot;:&quot;https:\/\/www.welt.de\/politik\/ausland\/article256258890\/krieg-in-nahost-explosionen-waehrend-live-sendung-israel-greift-staatssender-in-teheran-an-liveticker.html&quot;,&quot;trackingName&quot;:&quot;&quot;,&quot;trackingLabel&quot;:&quot;&quot;}}\" target=\"_blank\" rel=\"noopener\">Krieg zwischen Israel und dem Iran<\/a> gewesen. Merz und Trump seien sich dabei einig gewesen, \u201edass man jetzt wirklich Wege aus der Eskalation finden muss und das Atomprogramm beendet werden muss\u201c. Um eine m\u00f6gliche gemeinsame Erkl\u00e4rung der G 7 beim Gipfel ging es aber nicht.<\/p>\n<p>Im Umfeld von Merz wurde die Atmosph\u00e4re des Gespr\u00e4chs als \u201evertrauensvoll und zugewandt\u201c beschrieben. Es war das zweite Treffen der beiden innerhalb von zwei Wochen nach dem Antrittsbesuch von Merz in Washington, bei dem die beiden zweieinhalb Stunden im Wei\u00dfen Haus miteinander verbracht und Freundlichkeiten und Geschenke ausgetauscht hatten.<\/p>\n<p>Zollstreit bleibt au\u00dfen vor<\/p>\n<p>F\u00fcr das Thema Zollstreit blieb bei dem Treffen kein Raum. Merz hatte vor seinem Gespr\u00e4ch mit Trump gesagt: \u201eEs wird auf diesem Gipfel keine L\u00f6sung geben, aber wir k\u00f6nnten uns einer L\u00f6sung vielleicht in kleinen Schritten n\u00e4hern.\u201c Wenn bis zum 9. Juli keine Einigung erzielt wird, greifen nach derzeitigem Stand neue hohe US-Z\u00f6lle auf fast alle Exporte aus der EU in die Vereinigten Staaten \u2013 und die EU w\u00fcrde ihrerseits mit Z\u00f6llen auf Einfuhren aus den USA antworten.<\/p>\n<p>dpa\/saha<\/p>\n","protected":false},"excerpt":{"rendered":"Bundeskanzler Merz hat sich am Rande des G-7-Gipfels in Kanada zu einem 20-min\u00fctigen Vier-Augen-Gespr\u00e4ch mit Trump getroffen. Die&hellip;\n","protected":false},"author":2,"featured_media":195976,"comment_status":"","ping_status":"","sticky":false,"template":"","format":"standard","meta":{"footnotes":""},"categories":[3],"tags":[114,183,64538,13,53,182,14,15,110,115,12,10,8,9,11,113,103,104],"class_list":{"0":"post-195975","1":"post","2":"type-post","3":"status-publish","4":"format-standard","5":"has-post-thumbnail","7":"category-welt","8":"tag-donald-geb-1946","9":"tag-friedrich-cdu","10":"tag-g7-ks","11":"tag-headlines","12":"tag-kanada","13":"tag-merz","14":"tag-nachrichten","15":"tag-news","16":"tag-newsteam","17":"tag-russland-ukraine-krieg-24-2-2022","18":"tag-schlagzeilen","19":"tag-top-news","20":"tag-top-meldungen","21":"tag-topmeldungen","22":"tag-topnews","23":"tag-trump","24":"tag-welt","25":"tag-world"},"share_on_mastodon":{"url":"https:\/\/pubeurope.com\/@de\/114695724629203791","error":""},"_links":{"self":[{"href":"https:\/\/www.europesays.com\/de\/wp-json\/wp\/v2\/posts\/195975","targetHints":{"allow":["GET"]}}],"collection":[{"href":"https:\/\/www.europesays.com\/de\/wp-json\/wp\/v2\/posts"}],"about":[{"href":"https:\/\/www.europesays.com\/de\/wp-json\/wp\/v2\/types\/post"}],"author":[{"embeddable":true,"href":"https:\/\/www.europesays.com\/de\/wp-json\/wp\/v2\/users\/2"}],"replies":[{"embeddable":true,"href":"https:\/\/www.europesays.com\/de\/wp-json\/wp\/v2\/comments?post=195975"}],"version-history":[{"count":0,"href":"https:\/\/www.europesays.com\/de\/wp-json\/wp\/v2\/posts\/195975\/revisions"}],"wp:featuredmedia":[{"embeddable":true,"href":"https:\/\/www.europesays.com\/de\/wp-json\/wp\/v2\/media\/195976"}],"wp:attachment":[{"href":"https:\/\/www.europesays.com\/de\/wp-json\/wp\/v2\/media?parent=195975"}],"wp:term":[{"taxonomy":"category","embeddable":true,"href":"https:\/\/www.europesays.com\/de\/wp-json\/wp\/v2\/categories?post=195975"},{"taxonomy":"post_tag","embeddable":true,"href":"https:\/\/www.europesays.com\/de\/wp-json\/wp\/v2\/tags?post=195975"}],"curies":[{"name":"wp","href":"https:\/\/api.w.org\/{rel}","templated":true}]}}