{"id":195981,"date":"2025-06-16T23:52:14","date_gmt":"2025-06-16T23:52:14","guid":{"rendered":"https:\/\/www.europesays.com\/de\/195981\/"},"modified":"2025-06-16T23:52:14","modified_gmt":"2025-06-16T23:52:14","slug":"gesundheitszentrum-silberhoehe-feiert-mittwoch-40-geburtstag-mit-tag-der-offenen-tuer-du-bist-halle","status":"publish","type":"post","link":"https:\/\/www.europesays.com\/de\/195981\/","title":{"rendered":"Gesundheitszentrum Silberh\u00f6he feiert Mittwoch 40. Geburtstag mit Tag der offenen T\u00fcr \u2013 Du bist Halle"},"content":{"rendered":"<p>&#13;<br \/>\n              &#13;<\/p>\n<p>              &#13;<\/p>\n<p class=\"post-byline\">&#13;<br \/>\n       von     &#13;<br \/>\n       <a href=\"https:\/\/dubisthalle.de\/author\/eseppelt\" title=\"Beitr\u00e4ge von eseppelt\" rel=\"author nofollow noopener\" target=\"_blank\">eseppelt<\/a>&#13;<br \/>\n     &#13;<br \/>\n     \u00b7&#13;<br \/>\n                          16. Juni 2025&#13;\n          <\/p>\n<p>              <img loading=\"lazy\" decoding=\"async\" width=\"2305\" height=\"1297\" src=\"https:\/\/www.europesays.com\/de\/wp-content\/uploads\/2025\/06\/DSC_0023_1.jpg\" class=\"attachment-full size-full wp-post-image\" alt=\"\"  \/>            <\/p>\n<p>Zu einem Tag der offenen T\u00fcr anl\u00e4sslich seines 40-j\u00e4hrigen Bestehens l\u00e4dt das Gesundheitszentrum Silberh\u00f6he am Mittwoch, 18. Juni 2025, 14 bis 22 Uhr, ein. Oberb\u00fcrgermeister Dr. Alexander Vogt begr\u00fc\u00dft um 18 Uhr \u2013 vor dem Programm mit Livemusik \u2013 die G\u00e4ste der Veranstaltung auf dem Gel\u00e4nde des Gesundheitszentrums (inkl. Parkplatz), Wilhelm-von-Klewiz-Stra\u00dfe 11. Bis in die Abendstunden bietet das Gesundheitszentrum ein Programm f\u00fcr die ganze Familie. Der Eintritt ist frei.<\/p>\n<p><strong>Das Programm des Tags der offenen T\u00fcr:\u00a0<\/strong><\/p>\n<ul>\n<li>DRK-Blutspendeaktion: Blut spenden und Leben retten;<\/li>\n<li>Kinderarztpraxis \u2013 Teddyb\u00e4r-Sprechstunde: Kinder k\u00f6nnen ihre Kuscheltiere \u201euntersuchen\u201c lassen und spielerisch den Arztbesuch kennenlernen.<\/li>\n<li>Zahnarztpraxis \u2013 Einblick &amp; Information: Moderne Zahnmedizin hautnah erleben, mit Raum f\u00fcr Fragen;<\/li>\n<li>Sanit\u00e4tshaus \u2013 Beratung &amp; Produkte zum Anfassen: Informationen zu Reha-, Pflege- und Hilfsmitteln; Handauflegen und Massage: Entspannungsangebote inklusive Gutscheinaktionen;<\/li>\n<li>Berufsaus\u00fcbungsgemeinschaft f\u00fcr Neurologie, Psychiatrie und Suchtmedizin: Akupunktur nach dem NADA-Protokoll \u2013 Gruppensitzungen um 14.30 und 15.30 Uhr, Infopunkte zu Demenz, Alkoholkonsum und Drogentests;<\/li>\n<li>HNO-Praxis Dr. med. Avetisyan: H\u00f6r- und Allergietests vor Ort;<\/li>\n<li>Offene Praxen im gesamten Haus: Gelegenheit zum pers\u00f6nlichen Kennenlernen der Gesundheitsdienstleister;<\/li>\n<li>Ausstellung \u201e40 Jahre Gesundheitszentrum Silberh\u00f6he\u201c im Speiseraum mit Kuchenbasar und Einblicken in die Entwicklung vom ehemaligen Poliklinikstandort zum modernen Zentrum f\u00fcr medizinische Versorgung.<\/li>\n<li>Zus\u00e4tzlich gibt es ein Kinderprogramm, Infomaterial sowie Essen und Trinken auf dem Parkplatz. Das Eis-Mobil ist von 14 bis 17 Uhr vor Ort.<\/li>\n<\/ul>\n<p>    &#13;<\/p>\n<p class=\"post-tags\">Schlagw\u00f6rter: <a href=\"https:\/\/dubisthalle.de\/tag\/gesundheitszentrum\" rel=\"tag nofollow noopener\" target=\"_blank\">Gesundheitszentrum<\/a><a href=\"https:\/\/dubisthalle.de\/tag\/silberhoehe\" rel=\"tag nofollow noopener\" target=\"_blank\">Silberh\u00f6he<\/a><\/p>\n<ul class=\"post-nav group\">&#13;<br \/>\n\t\t&#13;<\/p>\n<li class=\"previous\"><strong>Vorheriger Beitrag\u00a0<\/strong><a href=\"https:\/\/dubisthalle.de\/motoball-hitze-doppelpack-halles-nachwuchs-und-herren-zeigen-kampfgeist-bei-hochsommerlichen-temperaturen\" rel=\"prev nofollow noopener\" target=\"_blank\">Motoball-Hitze-Doppelpack: Halles Nachwuchs und Herren zeigen Kampfgeist bei hochsommerlichen Temperaturen<\/a><\/li>\n<p>&#13;\n\t\t\t<\/ul>\n<p>&#13;<br \/>\n\tDas k\u00f6nnte dich auch interessieren\u00a0\u2026<\/p>\n<p>          &#13;<\/p>\n","protected":false},"excerpt":{"rendered":"&#13; &#13; &#13; &#13; von &#13; eseppelt&#13; &#13; \u00b7&#13; 16. Juni 2025&#13; Zu einem Tag der offenen T\u00fcr&hellip;\n","protected":false},"author":2,"featured_media":195982,"comment_status":"","ping_status":"","sticky":false,"template":"","format":"standard","meta":{"footnotes":""},"categories":[1860],"tags":[3364,29,548,663,3934,30,4062,17332,13,14,15,17331,860,12],"class_list":{"0":"post-195981","1":"post","2":"type-post","3":"status-publish","4":"format-standard","5":"has-post-thumbnail","7":"category-halle-saale","8":"tag-de","9":"tag-deutschland","10":"tag-eu","11":"tag-europa","12":"tag-europe","13":"tag-germany","14":"tag-halle","15":"tag-halle-saale","16":"tag-headlines","17":"tag-nachrichten","18":"tag-news","19":"tag-saale","20":"tag-sachsen-anhalt","21":"tag-schlagzeilen"},"share_on_mastodon":{"url":"https:\/\/pubeurope.com\/@de\/114695736601454740","error":""},"_links":{"self":[{"href":"https:\/\/www.europesays.com\/de\/wp-json\/wp\/v2\/posts\/195981","targetHints":{"allow":["GET"]}}],"collection":[{"href":"https:\/\/www.europesays.com\/de\/wp-json\/wp\/v2\/posts"}],"about":[{"href":"https:\/\/www.europesays.com\/de\/wp-json\/wp\/v2\/types\/post"}],"author":[{"embeddable":true,"href":"https:\/\/www.europesays.com\/de\/wp-json\/wp\/v2\/users\/2"}],"replies":[{"embeddable":true,"href":"https:\/\/www.europesays.com\/de\/wp-json\/wp\/v2\/comments?post=195981"}],"version-history":[{"count":0,"href":"https:\/\/www.europesays.com\/de\/wp-json\/wp\/v2\/posts\/195981\/revisions"}],"wp:featuredmedia":[{"embeddable":true,"href":"https:\/\/www.europesays.com\/de\/wp-json\/wp\/v2\/media\/195982"}],"wp:attachment":[{"href":"https:\/\/www.europesays.com\/de\/wp-json\/wp\/v2\/media?parent=195981"}],"wp:term":[{"taxonomy":"category","embeddable":true,"href":"https:\/\/www.europesays.com\/de\/wp-json\/wp\/v2\/categories?post=195981"},{"taxonomy":"post_tag","embeddable":true,"href":"https:\/\/www.europesays.com\/de\/wp-json\/wp\/v2\/tags?post=195981"}],"curies":[{"name":"wp","href":"https:\/\/api.w.org\/{rel}","templated":true}]}}