{"id":195999,"date":"2025-06-17T00:02:27","date_gmt":"2025-06-17T00:02:27","guid":{"rendered":"https:\/\/www.europesays.com\/de\/195999\/"},"modified":"2025-06-17T00:02:27","modified_gmt":"2025-06-17T00:02:27","slug":"sperrung-der-badener-strasse-durlacher-de","status":"publish","type":"post","link":"https:\/\/www.europesays.com\/de\/195999\/","title":{"rendered":"Sperrung der Badener Stra\u00dfe | Durlacher.de"},"content":{"rendered":"<p>Ab Baubeginn wird der Verkehr aus Richtung Durlach f\u00fcr voraussichtlich etwa sechs Wochen \u00fcber die Rommel-, Killisfeld-, und Fiduciastra\u00dfe umgeleitet. Die Umleitungsstrecke ist ausgeschildert. F\u00fcr den Verkehr in Richtung Durlach steht nur ein Fahrstreifen zur Verf\u00fcgung. Nach der Teilsperrung folgt die Vollsperrung der Strecke f\u00fcr voraussichtlich etwa zweieinhalb Wochen. Der Verkehr wird \u00fcber die Rommel-, Killisfeld-, und Fiduciastra\u00dfe umgeleitet und entsprechend ausgeschildert.<\/p>\n<p>Im Anschluss an die Vollsperrung ist der Verkehr stadteinw\u00e4rts und -ausw\u00e4rts wieder freigegeben. Jedoch besteht auf der Badener Stra\u00dfe in der N\u00e4he der Kreuzung Am Z\u00fcndh\u00fctle eine Engstelle. Hier wird der Verkehr f\u00fcr voraussichtlich etwa 2 Wochen abwechselnd mit einer Ampelregelung gef\u00fchrt.<\/p>\n<p>Die Arbeiten dauern bei trockener Witterung voraussichtlich bis <strong>Freitag, 12. September 2025<\/strong>. W\u00e4hrend der Bauzeit erfolgt die Radverkehrsf\u00fchrung entlang der Baustelle und \u00fcber ausgeschilderte Umleitungsstrecken. F\u00fcr zu Fu\u00df Gehende ist die Badener Stra\u00dfe frei.<\/p>\n","protected":false},"excerpt":{"rendered":"Ab Baubeginn wird der Verkehr aus Richtung Durlach f\u00fcr voraussichtlich etwa sechs Wochen \u00fcber die Rommel-, Killisfeld-, und&hellip;\n","protected":false},"author":2,"featured_media":196000,"comment_status":"","ping_status":"","sticky":false,"template":"","format":"standard","meta":{"footnotes":""},"categories":[1844],"tags":[1634,64540,3364,29,30,8903,64541,8733,4073,3043,64539],"class_list":{"0":"post-195999","1":"post","2":"type-post","3":"status-publish","4":"format-standard","5":"has-post-thumbnail","7":"category-karlsruhe","8":"tag-baden-wuerttemberg","9":"tag-badener-strasse","10":"tag-de","11":"tag-deutschland","12":"tag-germany","13":"tag-karlsruhe","14":"tag-max-liebermann-strasse","15":"tag-radweg","16":"tag-umleitung","17":"tag-vollsperrung","18":"tag-zuendhuetle"},"share_on_mastodon":{"url":"https:\/\/pubeurope.com\/@de\/114695775585567315","error":""},"_links":{"self":[{"href":"https:\/\/www.europesays.com\/de\/wp-json\/wp\/v2\/posts\/195999","targetHints":{"allow":["GET"]}}],"collection":[{"href":"https:\/\/www.europesays.com\/de\/wp-json\/wp\/v2\/posts"}],"about":[{"href":"https:\/\/www.europesays.com\/de\/wp-json\/wp\/v2\/types\/post"}],"author":[{"embeddable":true,"href":"https:\/\/www.europesays.com\/de\/wp-json\/wp\/v2\/users\/2"}],"replies":[{"embeddable":true,"href":"https:\/\/www.europesays.com\/de\/wp-json\/wp\/v2\/comments?post=195999"}],"version-history":[{"count":0,"href":"https:\/\/www.europesays.com\/de\/wp-json\/wp\/v2\/posts\/195999\/revisions"}],"wp:featuredmedia":[{"embeddable":true,"href":"https:\/\/www.europesays.com\/de\/wp-json\/wp\/v2\/media\/196000"}],"wp:attachment":[{"href":"https:\/\/www.europesays.com\/de\/wp-json\/wp\/v2\/media?parent=195999"}],"wp:term":[{"taxonomy":"category","embeddable":true,"href":"https:\/\/www.europesays.com\/de\/wp-json\/wp\/v2\/categories?post=195999"},{"taxonomy":"post_tag","embeddable":true,"href":"https:\/\/www.europesays.com\/de\/wp-json\/wp\/v2\/tags?post=195999"}],"curies":[{"name":"wp","href":"https:\/\/api.w.org\/{rel}","templated":true}]}}