{"id":196054,"date":"2025-06-17T00:33:13","date_gmt":"2025-06-17T00:33:13","guid":{"rendered":"https:\/\/www.europesays.com\/de\/196054\/"},"modified":"2025-06-17T00:33:13","modified_gmt":"2025-06-17T00:33:13","slug":"niedersachsen-bremen-wiebke-winter-ist-neue-bremer-cdu-fraktionsvorsitzende","status":"publish","type":"post","link":"https:\/\/www.europesays.com\/de\/196054\/","title":{"rendered":"Niedersachsen &#038; Bremen: Wiebke Winter ist neue Bremer CDU-Fraktionsvorsitzende"},"content":{"rendered":"<p>                    Niedersachsen &amp; Bremen<br \/>\n                Wiebke Winter ist neue Bremer CDU-Fraktionsvorsitzende<\/p>\n<p>\t\t\t\t              16.06.2025, 17:23 Uhr<\/p>\n<p><strong>Die gr\u00f6\u00dfte Fraktion der Bremer Opposition stellt sich neu auf: Erstmals steht eine junge Frau an der Spitze.<\/strong><\/p>\n<p>Bremen (dpa\/lni) &#8211; Als erste Frau leitet Wiebke Winter ab sofort die Bremer CDU-Fraktion. &#8222;Es geht darum, dass wir die Zukunft f\u00fcr Bremen neu schreiben und das ist mein Auftrag&#8220;, sagte Winter. &#8222;Das Ziel ist, dass wir 2027 nicht nur st\u00e4rkste Kraft werden, sondern auch die n\u00e4chste Regierung anf\u00fchren.&#8220;\u00a0<\/p>\n<p>Die 29-J\u00e4hrige erhielt 22 von 24 Stimmen und l\u00f6st den bisherigen Fraktionschef Frank Imhoff ab. Dieser hatte im April angek\u00fcndigt, bei der turnusgem\u00e4\u00dfen Wahl nicht erneut anzutreten. Er schlug Winter als Nachfolgerin vor und sprach von einem Generationenwechsel. Der 56-J\u00e4hrige bleibt weiter Abgeordneter.<\/p>\n<p>Winter ist seit zwei Jahren Mitglied in der Bremischen B\u00fcrgerschaft und war bislang stellvertretende Fraktionsvorsitzende. Sie engagiert sich im Landesvorstand sowie im Bundesvorstand ihrer Partei. Als Stellvertreter von Winter w\u00e4hlte die Fraktion Martin Michalik und Heiko Strohmann.<\/p>\n","protected":false},"excerpt":{"rendered":"Niedersachsen &amp; Bremen Wiebke Winter ist neue Bremer CDU-Fraktionsvorsitzende 16.06.2025, 17:23 Uhr Die gr\u00f6\u00dfte Fraktion der Bremer Opposition&hellip;\n","protected":false},"author":2,"featured_media":196055,"comment_status":"","ping_status":"","sticky":false,"template":"","format":"standard","meta":{"footnotes":""},"categories":[1824],"tags":[2420,7187,64552,3364,29,30,1411,46585,4951],"class_list":{"0":"post-196054","1":"post","2":"type-post","3":"status-publish","4":"format-standard","5":"has-post-thumbnail","7":"category-bremen","8":"tag-bremen","9":"tag-bremer","10":"tag-cdu-fraktionsvorsitzende","11":"tag-de","12":"tag-deutschland","13":"tag-germany","14":"tag-niedersachsen","15":"tag-wiebke","16":"tag-winter"},"share_on_mastodon":{"url":"https:\/\/pubeurope.com\/@de\/114695897379534663","error":""},"_links":{"self":[{"href":"https:\/\/www.europesays.com\/de\/wp-json\/wp\/v2\/posts\/196054","targetHints":{"allow":["GET"]}}],"collection":[{"href":"https:\/\/www.europesays.com\/de\/wp-json\/wp\/v2\/posts"}],"about":[{"href":"https:\/\/www.europesays.com\/de\/wp-json\/wp\/v2\/types\/post"}],"author":[{"embeddable":true,"href":"https:\/\/www.europesays.com\/de\/wp-json\/wp\/v2\/users\/2"}],"replies":[{"embeddable":true,"href":"https:\/\/www.europesays.com\/de\/wp-json\/wp\/v2\/comments?post=196054"}],"version-history":[{"count":0,"href":"https:\/\/www.europesays.com\/de\/wp-json\/wp\/v2\/posts\/196054\/revisions"}],"wp:featuredmedia":[{"embeddable":true,"href":"https:\/\/www.europesays.com\/de\/wp-json\/wp\/v2\/media\/196055"}],"wp:attachment":[{"href":"https:\/\/www.europesays.com\/de\/wp-json\/wp\/v2\/media?parent=196054"}],"wp:term":[{"taxonomy":"category","embeddable":true,"href":"https:\/\/www.europesays.com\/de\/wp-json\/wp\/v2\/categories?post=196054"},{"taxonomy":"post_tag","embeddable":true,"href":"https:\/\/www.europesays.com\/de\/wp-json\/wp\/v2\/tags?post=196054"}],"curies":[{"name":"wp","href":"https:\/\/api.w.org\/{rel}","templated":true}]}}