{"id":196120,"date":"2025-06-17T01:09:09","date_gmt":"2025-06-17T01:09:09","guid":{"rendered":"https:\/\/www.europesays.com\/de\/196120\/"},"modified":"2025-06-17T01:09:09","modified_gmt":"2025-06-17T01:09:09","slug":"trump-verlaesst-g7-gipfel-wegen-lage-in-nahost-vorzeitig","status":"publish","type":"post","link":"https:\/\/www.europesays.com\/de\/196120\/","title":{"rendered":"Trump verl\u00e4sst G7-Gipfel wegen Lage in Nahost vorzeitig"},"content":{"rendered":"<p>                    <strong>eilmeldung<\/strong><\/p>\n<p class=\"metatextline\">Stand: 17.06.2025 02:33 Uhr<\/p>\n<p class=\"textabsatz columns twelve  m-ten  m-offset-one l-eight l-offset-two\">\n        <strong>US-Pr\u00e4sident Trump wird das Treffen der G7-Staaten in Kanada vorzeitig verlassen. Das Wei\u00dfe Haus begr\u00fcndete die Abreise mit den &#8222;Ereignissen im Nahen Osten&#8220;. Zuvor hatte Trump zur Evakuierung Teherans aufgerufen.<\/strong>\n    <\/p>\n<p class=\"textabsatz m-ten m-offset-one l-eight l-offset-two columns twelve\">\nUS-Pr\u00e4sident Donald Trump verl\u00e4sst den G7-Gipfel in Kanada nach Angaben des Wei\u00dfen Hauses vorzeitig. &#8222;Pr\u00e4sident Trump wird heute Abend nach Washington zur\u00fcckkehren, um sich um viele wichtige Angelegenheiten zu k\u00fcmmern&#8220;, teilte seine Sprecherin Karoline Leavitt mit.<\/p>\n<p class=\"textabsatz m-ten m-offset-one l-eight l-offset-two columns twelve\">\nDie US-Regierungszentrale nannte die Lage im Nahen Osten als Grund f\u00fcr die vorgezogene Abreise vom Treffen der f\u00fchrenden demokratischen Wirtschaftsm\u00e4chte in Kananaskis.\u00a0&#8222;Es wurde viel erreicht, aber wegen der Ereignisse im Nahen Osten wird Pr\u00e4sident Trump heute Abend nach dem Abendessen mit den Staatschefs abreisen&#8220;, schrieb Leavitt auf der Plattform X. Urspr\u00fcnglich war geplant, dass Trump bis Dienstagabend bleibt.<\/p>\n<p>    Trump fordert zur Evakuierung in Teheran auf<\/p>\n<p class=\"textabsatz m-ten m-offset-one l-eight l-offset-two columns twelve\">\nKurz vor der Ank\u00fcndigung seiner Abreise hatte Trump die Bewohner der iranischen Hauptstadt Teheran zur Evakuierung aufgerufen. &#8222;Jeder sollte Teheran unverz\u00fcglich verlassen&#8220;, schrieb Trump ohne Angabe von Gr\u00fcnden auf seiner Plattform Truth Social.<\/p>\n<p class=\"textabsatz m-ten m-offset-one l-eight l-offset-two columns twelve\">\nIn der iranischen Hauptstadt, die seit Tagen von israelischen Angriffen ersch\u00fcttert wird, leben sch\u00e4tzungsweise rund neun Millionen Menschen. Bereits seit dem Wochenende gibt es Berichte \u00fcber lange Staus auf Ausfallstra\u00dfen, weil viele Einwohner fliehen. Im Gro\u00dfraum Teheran sollen insgesamt um die 15 Millionen Menschen leben.\u00a0<\/p>\n<p class=\"textabsatz m-ten m-offset-one l-eight l-offset-two columns twelve\">\nIn seinem Post schrieb Trump, Teheran h\u00e4tte im Streit um das iranische Atomprogramm das von ihm vorgeschlagene Abkommen unterschreiben sollen. Das sei eine &#8222;Verschwendung von Menschenleben&#8220;. In Gro\u00dfbuchstaben erg\u00e4nzte Trump: &#8222;Der Iran darf keine Atomwaffe besitzen.&#8220;<\/p>\n<p>    Kein Treffen mehr mit Selenskyj<\/p>\n<p class=\"textabsatz m-ten m-offset-one l-eight l-offset-two columns twelve\">\nDie Ank\u00fcndigung von Trumps Abreise kommt \u00fcberraschend. Aus deutschen Regierungskreisen war zuvor zu h\u00f6ren, der US-Pr\u00e4sident sei bei dem Gipfel kooperativ aufgetreten, die Stimmung in der ersten Arbeitssitzung sei &#8222;enorm harmonisch&#8220; gewesen &#8211; und Trump habe den G7-Partnern zugesagt, bis zum Ende des Gipfels zu bleiben und das geplante Gipfelprogramm zu absolvieren.<\/p>\n<p class=\"textabsatz m-ten m-offset-one l-eight l-offset-two columns twelve\">\nMit Trumps vorgezogener Abreise wird es nicht zu der f\u00fcr Dienstag vorgesehenen Begegnung mit dem ukrainischen Pr\u00e4sidenten Wolodymyr Selenskyj kommen, der als Gast zu dem Gipfel nach Kananaskis reist. Selenskyj hatte angek\u00fcndigt, bei Trump f\u00fcr eine weitere Unterst\u00fctzung seines Landes im Verteidigungskrieg gegen Russland zu werben. Unter anderen wollte er dem US-Pr\u00e4sidenten den Kauf von Waffen in den USA durch die Ukraine vorschlagen.<\/p>\n","protected":false},"excerpt":{"rendered":"eilmeldung Stand: 17.06.2025 02:33 Uhr US-Pr\u00e4sident Trump wird das Treffen der G7-Staaten in Kanada vorzeitig verlassen. Das Wei\u00dfe&hellip;\n","protected":false},"author":2,"featured_media":196121,"comment_status":"","ping_status":"","sticky":false,"template":"","format":"standard","meta":{"footnotes":""},"categories":[3],"tags":[1764,19104,13,345,411,14,6000,15,12,10,8,9,11,113,103,104],"class_list":{"0":"post-196120","1":"post","2":"type-post","3":"status-publish","4":"format-standard","5":"has-post-thumbnail","7":"category-welt","8":"tag-eilmeldung","9":"tag-g7","10":"tag-headlines","11":"tag-iran","12":"tag-israel","13":"tag-nachrichten","14":"tag-nahost","15":"tag-news","16":"tag-schlagzeilen","17":"tag-top-news","18":"tag-top-meldungen","19":"tag-topmeldungen","20":"tag-topnews","21":"tag-trump","22":"tag-welt","23":"tag-world"},"share_on_mastodon":{"url":"https:\/\/pubeurope.com\/@de\/114696038909820420","error":""},"_links":{"self":[{"href":"https:\/\/www.europesays.com\/de\/wp-json\/wp\/v2\/posts\/196120","targetHints":{"allow":["GET"]}}],"collection":[{"href":"https:\/\/www.europesays.com\/de\/wp-json\/wp\/v2\/posts"}],"about":[{"href":"https:\/\/www.europesays.com\/de\/wp-json\/wp\/v2\/types\/post"}],"author":[{"embeddable":true,"href":"https:\/\/www.europesays.com\/de\/wp-json\/wp\/v2\/users\/2"}],"replies":[{"embeddable":true,"href":"https:\/\/www.europesays.com\/de\/wp-json\/wp\/v2\/comments?post=196120"}],"version-history":[{"count":0,"href":"https:\/\/www.europesays.com\/de\/wp-json\/wp\/v2\/posts\/196120\/revisions"}],"wp:featuredmedia":[{"embeddable":true,"href":"https:\/\/www.europesays.com\/de\/wp-json\/wp\/v2\/media\/196121"}],"wp:attachment":[{"href":"https:\/\/www.europesays.com\/de\/wp-json\/wp\/v2\/media?parent=196120"}],"wp:term":[{"taxonomy":"category","embeddable":true,"href":"https:\/\/www.europesays.com\/de\/wp-json\/wp\/v2\/categories?post=196120"},{"taxonomy":"post_tag","embeddable":true,"href":"https:\/\/www.europesays.com\/de\/wp-json\/wp\/v2\/tags?post=196120"}],"curies":[{"name":"wp","href":"https:\/\/api.w.org\/{rel}","templated":true}]}}